{"id":11048,"date":"2021-11-11T10:57:42","date_gmt":"2021-11-11T08:57:42","guid":{"rendered":"https:\/\/edublog.educastur.es\/ixuxu\/?p=11048"},"modified":"2021-11-11T11:02:38","modified_gmt":"2021-11-11T09:02:38","slug":"museu-del-calamar-xigante","status":"publish","type":"post","link":"https:\/\/edublog.educastur.es\/ixuxu\/2021\/11\/museu-del-calamar-xigante\/","title":{"rendered":"Mus\u00e9u del calamar xigante, pal branu de 2022"},"content":{"rendered":"<p>El nuevu mus\u00e9u de L.luarca va esibir seis calamares xigantes y va recrear el so h\u00e1bitat<\/p>\n<p style=\"text-align: center\"><a href=\"https:\/\/estaticos-cdn.prensaiberica.es\/clip\/7a384521-71b1-4974-a960-760bfe700185_21-9-aspect-ratio_default_1097109.jpg\"><img loading=\"lazy\" decoding=\"async\" class=\"alignnone\" src=\"https:\/\/estaticos-cdn.prensaiberica.es\/clip\/7a384521-71b1-4974-a960-760bfe700185_21-9-aspect-ratio_default_1097109.jpg\" alt=\"\" width=\"1280\" height=\"548\" \/><\/a><\/p>\n<p>El percorr\u00edu pol equipamientu va ser circular, al travi\u00e9s de nueve zones tem\u00e1tiques, y<span style=\"color: #008080\"><strong> la previsi\u00f3n ye qu&#8217;abra al p\u00fablicu para&#8217;l branu de 2022<\/strong><\/span><br \/>\n<span style=\"color: #008080\"><strong>Mus\u00e9u del Calamar Xigante<\/strong><\/span> nes antig\u00fces instalaciones<\/p>\n<ul>\n<li><a href=\"https:\/\/www.lne.es\/occidente\/2021\/11\/09\/nuevo-museo-luarca-exhibira-seis-59316303.html?utm_source=newsletter&amp;amp%3Butm_medium=email&amp;amp%3Butm_campaign=sus_matinal&amp;amp%3Butm_content=web&amp;pnespid=Xbw7qltH6isWzFLN7pfaDEpIuAwpmrotqQtMBf9eb4rKhiaDEHRxAMEGSUOkm4G.0WEoqw\">Fonte noticia: LNE<\/a><\/li>\n<\/ul>\n<p><!--more--><\/p>\n<p>El futuru Mus\u00e9u del Calamar Xigante de L.luarca, que va abrir antes del pr\u00f3ximu branu, va esibir seis exemplares de los calten\u00edos pola Coordinadora pal Estudiu de les Especies Marines (Cepesma), va tener un recurr\u00edu circular, conten\u00edu espec\u00edfico empobin\u00e1u al p\u00fablicu infantil y sistemes de realid\u00e1 virtual. L&#8217;equipamientu va amosar en nueve zones tem\u00e1tiques les peculiaridaes d&#8217;estos animales marinos.<\/p>\n<p>&nbsp;<\/p>\n<p>&nbsp;<\/p>\n<p>En tol percorr\u00edu va reinar un atm\u00f3sfera misteriosa, asemeyada a la parte de fondura onde vive&#8217;l calamar xigante. Col fin de llograr, am\u00e1s, un efectu de flotabilid\u00e1 de parte del material, va haber poca lluz, la puramente necesaria pa una fayadiza llectura de los conten\u00edos. L&#8217;oxetivu ye que&#8217;l visitante si\u00e9ntase \u201ccomo un esplorador del oc\u00e9anu\u201d, raz\u00f3n pola que tami\u00e9n van tener protagonismu los efectos sonoros especiales. Asina, podr\u00e1 escuchase el fluyir de l&#8217;agua y tami\u00e9n los son\u00edos qu&#8217;emiten estos grandes animales marinos. Ente los elementos espuestos va destacar una maqueta central, a tama\u00f1u real, d&#8217;un calamar xigante que va tar suspendida nel aire. El percorr\u00edu va tener, otra manera, nueve partes estremaes. La entrada va dar la bienvenida con un croquis del mus\u00e9u y va dedicar un espaciu al Cepesma y al so presidente, Luis Laria, \u201cpor ser l&#8217;art\u00edfiz de la colecci\u00f3n espuesta y pol so llabor na divulgaci\u00f3n y promoci\u00f3n del caltenimientu de los nuesos mares\u201d, seg\u00fan consta nel proyectu. Otra zona va presentar al <strong><span style=\"color: #008080\">kraken \u201ccomo ser mitol\u00f3xicu\u201d<\/span><\/strong> y una tercera va amosar <strong><span style=\"color: #008080\">35 cefal\u00f3podos de too el mundu<\/span><\/strong>. Otru departamentu va destinase a l&#8217;anatom\u00eda de los calamares xigantes y va dexar visible la maqueta del animal a escala real. Tami\u00e9n nesti rinc\u00f3n de la sala va haber una mesa interactiva sobro anatom\u00eda.<\/p>\n<p>Nel siguiente pasu, el visitante va #atopar col calamar m\u00e1s grande de la esposici\u00f3n, de cuatro metros, ya informaci\u00f3n sobro la so alimentaci\u00f3n y crecedera. N&#8217;otra zona estremada va proxectase&#8217;l documental <span style=\"color: #008080\"><strong>\u201cProyectu Kraken: en busca del calamar xigante\u201d,<\/strong><\/span> grab\u00e1u na fuesa de Carrandi. Ende tami\u00e9n se van amosar dolce pexes abisales y va haber dos meses interactives de xuegos pa menores. Unu titul\u00e1u \u201cSom\u00f3rguiate hasta&#8217;l fondu\u201d. L&#8217;otru, \u201cCriatures monstruoses\u201d. M\u00e1s palantre, el mus\u00e9u va ufiertar informaci\u00f3n sobro la reproducci\u00f3n del calamar xigante y el so depredador, el cachalote. Una \u00faltima zona va dedicase a sensibilizar al p\u00fablicu sobre la protecci\u00f3n de los oc\u00e9anos.<\/p>\n<p>Tocantes a la realid\u00e1 virtual, el proyectu muse\u00edsticu como tal nun preve esti material, magar el conceyal de Cultura, Ismael Gonz\u00e1lez, concreta que m\u00e1s palantre el Conceyu va adquirir gafes o cascos virtuales que van recrear la estancia nes fondures marines.<\/p>\n<p>L&#8217;apertura d&#8217;esti mus\u00e9u ye bien esperada al ser esta colecci\u00f3n de grandes cefal\u00f3podos \u00fanica nel mundu y por acabar nun almac\u00e9n.<\/p>\n<p>&nbsp;<\/p>\n","protected":false},"excerpt":{"rendered":"<p>El nuevu mus\u00e9u de L.luarca va esibir seis calamares xigantes y va recrear el so h\u00e1bitat El percorr\u00edu pol equipamientu va ser circular, al travi\u00e9s de nueve zones tem\u00e1tiques, y la previsi\u00f3n ye qu&#8217;abra al p\u00fablicu para&#8217;l branu de 2022 Mus\u00e9u del Calamar Xigante nes antig\u00fces instalaciones Fonte noticia: LNE<\/p>\n","protected":false},"author":117,"featured_media":0,"comment_status":"open","ping_status":"open","sticky":false,"template":"","format":"standard","meta":{"footnotes":""},"categories":[15],"tags":[],"class_list":["post-11048","post","type-post","status-publish","format-standard","hentry","category-museos"],"_links":{"self":[{"href":"https:\/\/edublog.educastur.es\/ixuxu\/wp-json\/wp\/v2\/posts\/11048","targetHints":{"allow":["GET"]}}],"collection":[{"href":"https:\/\/edublog.educastur.es\/ixuxu\/wp-json\/wp\/v2\/posts"}],"about":[{"href":"https:\/\/edublog.educastur.es\/ixuxu\/wp-json\/wp\/v2\/types\/post"}],"author":[{"embeddable":true,"href":"https:\/\/edublog.educastur.es\/ixuxu\/wp-json\/wp\/v2\/users\/117"}],"replies":[{"embeddable":true,"href":"https:\/\/edublog.educastur.es\/ixuxu\/wp-json\/wp\/v2\/comments?post=11048"}],"version-history":[{"count":4,"href":"https:\/\/edublog.educastur.es\/ixuxu\/wp-json\/wp\/v2\/posts\/11048\/revisions"}],"predecessor-version":[{"id":11052,"href":"https:\/\/edublog.educastur.es\/ixuxu\/wp-json\/wp\/v2\/posts\/11048\/revisions\/11052"}],"wp:attachment":[{"href":"https:\/\/edublog.educastur.es\/ixuxu\/wp-json\/wp\/v2\/media?parent=11048"}],"wp:term":[{"taxonomy":"category","embeddable":true,"href":"https:\/\/edublog.educastur.es\/ixuxu\/wp-json\/wp\/v2\/categories?post=11048"},{"taxonomy":"post_tag","embeddable":true,"href":"https:\/\/edublog.educastur.es\/ixuxu\/wp-json\/wp\/v2\/tags?post=11048"}],"curies":[{"name":"wp","href":"https:\/\/api.w.org\/{rel}","templated":true}]}}