{"id":11057,"date":"2021-11-10T10:00:07","date_gmt":"2021-11-10T08:00:07","guid":{"rendered":"https:\/\/edublog.educastur.es\/ixuxu\/?p=11057"},"modified":"2021-11-17T22:46:15","modified_gmt":"2021-11-17T20:46:15","slug":"semeyes-del-diall-traxe-pais-2021","status":"publish","type":"post","link":"https:\/\/edublog.educastur.es\/ixuxu\/2021\/11\/semeyes-del-diall-traxe-pais-2021\/","title":{"rendered":"Semeyes del D\u00eda del Traxe&#8217;l Pa\u00eds: Indumentaria 2021"},"content":{"rendered":"<p style=\"text-align: center\">\n<!-- iframe plugin v.6.0 wordpress.org\/plugins\/iframe\/ -->\n<iframe loading=\"lazy\" src=\"https:\/\/www.facebook.com\/plugins\/post.php?href=https%3A%2F%2Fwww.facebook.com%2Fconcursuindumentaria%2Fphotos%2Fa.1178901522132563%2F4606088232747191%2F%3Ftype%3D3&#038;show_text=true&#038;width=500\" width=\"500\" height=\"498\" style=\"border:none;overflow:hidden\" scrolling=\"no\" frameborder=\"0\" allowfullscreen=\"true\" allow=\"autoplay; clipboard-write; encrypted-media; picture-in-picture; web-share\" 0=\"\/iframe\" class=\"iframe-class\"><\/iframe>\n<\/p>\n<ul>\n<li><a href=\"https:\/\/www.facebook.com\/concursuindumentaria\/photos\/pcb.4606095802746434\/4606088232747191\">Ver Galer\u00eda en Facebook<\/a><\/li>\n<li><a href=\"https:\/\/www.facebook.com\/concursuindumentaria\">Concursu Indumentaria<\/a><\/li>\n<li>Autores semeyes:<a href=\"https:\/\/www.facebook.com\/search\/top?q=ojos%20de%20hojalata\"> <span class=\"d2edcug0 hpfvmrgz qv66sw1b c1et5uql lr9zc1uh a8c37x1j keod5gw0 nxhoafnm aigsh9s9 d3f4x2em fe6kdd0r mau55g9w c8b282yb iv3no6db jq4qci2q a3bd9o3v b1v8xokw oo9gr5id hzawbc8m\" dir=\"auto\">Ojos de Hojalata<\/span><\/a><\/li>\n<\/ul>\n<p><!--more--><\/p>\n<p><span class=\"d2edcug0 hpfvmrgz qv66sw1b c1et5uql lr9zc1uh a8c37x1j keod5gw0 nxhoafnm aigsh9s9 d3f4x2em fe6kdd0r mau55g9w c8b282yb iv3no6db jq4qci2q a3bd9o3v b1v8xokw oo9gr5id hzawbc8m\" dir=\"auto\">La galer\u00eda oficial d&#8217;Indumentaria ye y\u00e1 una tradici\u00f3n. La calid\u00e1 del trabayu del nuestru fot\u00f3grafu de siempre, <a href=\"https:\/\/www.facebook.com\/search\/top?q=ojos%20de%20hojalata\"><strong><span style=\"color: #008080\">Ojos de Hojalata<\/span><\/strong><\/a>, ye escepcional, destacando en cada semeya hasta l&#8217;\u00faltimu detalle del nuestru traxe del pa\u00eds, con una nitidez \u00fanica. Ye un lluxu facer esti trabayu na capiya Los Dolores. <\/span><\/p>\n<p><span class=\"d2edcug0 hpfvmrgz qv66sw1b c1et5uql lr9zc1uh a8c37x1j keod5gw0 nxhoafnm aigsh9s9 d3f4x2em fe6kdd0r mau55g9w c8b282yb iv3no6db jq4qci2q a3bd9o3v b1v8xokw oo9gr5id hzawbc8m\" dir=\"auto\">La nuestra particular Galer\u00eda de retratos de cada persona concursante, xuraos, collaboradores y organizadores ye digna de cualquier mus\u00e9u y convierte a esti eventu cultural nun referente indiscutible. Gracies por ayudanos a facer Indumentaria 2021. V\u00e9monos l&#8217;a\u00f1u que bien, como siempre, en Grau. Gracies tami\u00e9n al Ayuntamientu y a Caja Rural de Asturias.<\/span><\/p>\n","protected":false},"excerpt":{"rendered":"<p>Ver Galer\u00eda en Facebook Concursu Indumentaria Autores semeyes: Ojos de Hojalata<\/p>\n","protected":false},"author":117,"featured_media":0,"comment_status":"open","ping_status":"open","sticky":false,"template":"","format":"standard","meta":{"footnotes":""},"categories":[210,1],"tags":[],"class_list":["post-11057","post","type-post","status-publish","format-standard","hentry","category-indumentaria","category-sin-categoria"],"_links":{"self":[{"href":"https:\/\/edublog.educastur.es\/ixuxu\/wp-json\/wp\/v2\/posts\/11057","targetHints":{"allow":["GET"]}}],"collection":[{"href":"https:\/\/edublog.educastur.es\/ixuxu\/wp-json\/wp\/v2\/posts"}],"about":[{"href":"https:\/\/edublog.educastur.es\/ixuxu\/wp-json\/wp\/v2\/types\/post"}],"author":[{"embeddable":true,"href":"https:\/\/edublog.educastur.es\/ixuxu\/wp-json\/wp\/v2\/users\/117"}],"replies":[{"embeddable":true,"href":"https:\/\/edublog.educastur.es\/ixuxu\/wp-json\/wp\/v2\/comments?post=11057"}],"version-history":[{"count":5,"href":"https:\/\/edublog.educastur.es\/ixuxu\/wp-json\/wp\/v2\/posts\/11057\/revisions"}],"predecessor-version":[{"id":11062,"href":"https:\/\/edublog.educastur.es\/ixuxu\/wp-json\/wp\/v2\/posts\/11057\/revisions\/11062"}],"wp:attachment":[{"href":"https:\/\/edublog.educastur.es\/ixuxu\/wp-json\/wp\/v2\/media?parent=11057"}],"wp:term":[{"taxonomy":"category","embeddable":true,"href":"https:\/\/edublog.educastur.es\/ixuxu\/wp-json\/wp\/v2\/categories?post=11057"},{"taxonomy":"post_tag","embeddable":true,"href":"https:\/\/edublog.educastur.es\/ixuxu\/wp-json\/wp\/v2\/tags?post=11057"}],"curies":[{"name":"wp","href":"https:\/\/api.w.org\/{rel}","templated":true}]}}