{"id":11108,"date":"2021-11-11T09:00:18","date_gmt":"2021-11-11T07:00:18","guid":{"rendered":"https:\/\/edublog.educastur.es\/ixuxu\/?p=11108"},"modified":"2021-11-18T00:15:34","modified_gmt":"2021-11-17T22:15:34","slug":"san-martin-11-de-payares","status":"publish","type":"post","link":"https:\/\/edublog.educastur.es\/ixuxu\/2021\/11\/san-martin-11-de-payares\/","title":{"rendered":"San Mart\u00edn, 11 de payares"},"content":{"rendered":"<p>El d\u00eda 11 de payares supon l&#8217;empiezu de la temporada de matances. Un d\u00eda de fiesta nel que, dempu\u00e9s de la xera, tola familia axuntase a comer, beber y cantar pa celebrar que la *despensa vuelve tar llena de carne que puede dise consumiendo adulces mientres tol a\u00f1u.<\/p>\n<p><!--more--><\/p>\n<p>La matanza ye una de les m\u00e1s importantes fiestes serondiegues, siempres rellacionaes cola recueya y l&#8217;almacenaxe d&#8217;alimentu. Nel nuesu mundu de bayura, escesos y comida desperdici\u00e1, acabemos escaeciendo&#8217;l sent\u00edu d&#8217;estes celebraciones y eso supon la perda del patrimoniu cultural y la comprensi\u00f3n de los nuesos raiga\u00f1os.<\/p>\n<p>En tolos colexos tendr\u00eda d&#8217;ense\u00f1ase a los ne\u00f1os a llantar un g\u00fcertu, criar un pollu y despiezar un gochu por que nun acaben pensando que los tomates crecen nel supermerc\u00e1u.<\/p>\n<p style=\"text-align: center\"><a href=\"https:\/\/tinypix.top\/images\/2021\/11\/17\/vdG0V.jpg\"><img loading=\"lazy\" decoding=\"async\" class=\"alignnone\" src=\"https:\/\/tinypix.top\/images\/2021\/11\/17\/vdG0V.jpg\" alt=\"\" width=\"1080\" height=\"715\" \/><\/a><\/p>\n<p style=\"text-align: center\"><em>Fotograf\u00eda de Virxilio Vi\u00e9itez B\u00e9rtolo, La matanza (Soutelo de Monte Pontevedra, 1955).<\/em><\/p>\n","protected":false},"excerpt":{"rendered":"<p>El d\u00eda 11 de payares supon l&#8217;empiezu de la temporada de matances. Un d\u00eda de fiesta nel que, dempu\u00e9s de la xera, tola familia axuntase a comer, beber y cantar pa celebrar que la *despensa vuelve tar llena de carne que puede dise consumiendo adulces mientres tol a\u00f1u.<\/p>\n","protected":false},"author":117,"featured_media":0,"comment_status":"open","ping_status":"open","sticky":false,"template":"","format":"standard","meta":{"footnotes":""},"categories":[175],"tags":[],"class_list":["post-11108","post","type-post","status-publish","format-standard","hentry","category-festival-gastronomicu"],"_links":{"self":[{"href":"https:\/\/edublog.educastur.es\/ixuxu\/wp-json\/wp\/v2\/posts\/11108","targetHints":{"allow":["GET"]}}],"collection":[{"href":"https:\/\/edublog.educastur.es\/ixuxu\/wp-json\/wp\/v2\/posts"}],"about":[{"href":"https:\/\/edublog.educastur.es\/ixuxu\/wp-json\/wp\/v2\/types\/post"}],"author":[{"embeddable":true,"href":"https:\/\/edublog.educastur.es\/ixuxu\/wp-json\/wp\/v2\/users\/117"}],"replies":[{"embeddable":true,"href":"https:\/\/edublog.educastur.es\/ixuxu\/wp-json\/wp\/v2\/comments?post=11108"}],"version-history":[{"count":3,"href":"https:\/\/edublog.educastur.es\/ixuxu\/wp-json\/wp\/v2\/posts\/11108\/revisions"}],"predecessor-version":[{"id":11111,"href":"https:\/\/edublog.educastur.es\/ixuxu\/wp-json\/wp\/v2\/posts\/11108\/revisions\/11111"}],"wp:attachment":[{"href":"https:\/\/edublog.educastur.es\/ixuxu\/wp-json\/wp\/v2\/media?parent=11108"}],"wp:term":[{"taxonomy":"category","embeddable":true,"href":"https:\/\/edublog.educastur.es\/ixuxu\/wp-json\/wp\/v2\/categories?post=11108"},{"taxonomy":"post_tag","embeddable":true,"href":"https:\/\/edublog.educastur.es\/ixuxu\/wp-json\/wp\/v2\/tags?post=11108"}],"curies":[{"name":"wp","href":"https:\/\/api.w.org\/{rel}","templated":true}]}}