{"id":11158,"date":"2021-11-19T09:00:24","date_gmt":"2021-11-19T07:00:24","guid":{"rendered":"https:\/\/edublog.educastur.es\/ixuxu\/?p=11158"},"modified":"2021-11-20T00:47:44","modified_gmt":"2021-11-19T22:47:44","slug":"11158","status":"publish","type":"post","link":"https:\/\/edublog.educastur.es\/ixuxu\/2021\/11\/11158\/","title":{"rendered":"D\u00eda Internacional de la Muyer Emprendedora\/entamadora"},"content":{"rendered":"<p style=\"text-align: center\"><a href=\"https:\/\/tinypix.top\/images\/2021\/11\/19\/vdQoV.png\"><img loading=\"lazy\" decoding=\"async\" class=\"alignnone\" src=\"https:\/\/tinypix.top\/images\/2021\/11\/19\/vdQoV.png\" alt=\"\" width=\"514\" height=\"514\" \/><\/a><\/p>\n<p>Seg\u00fan l&#8217;<a href=\"https:\/\/www.facebook.com\/red.gem.spain\/?__cft__[0]=AZWAkdXMwhLxGdPSGZFXg8JNYymN1on1MlrwyYEcjm72IiQLdzwqmFCQntwSEAhRG3Gyx6zHYZLHg3nxOWCR9FRZTy5i5yDEd4xDsmJ5ipK0C4JsubA3s_5a6yYOx2PqV3AGvulCYUuPE48KTOY7CXo3ayRo6vvivzBcSGVIn-XI3Q&amp;__tn__=kK-y-R\"><span style=\"text-decoration: underline\"><span style=\"color: #008080;text-decoration: underline\">Observatoriu del Emprendimiento Rede GEM Espa\u00f1a,<\/span><\/span><\/a> Espa\u00f1a atopase na vanguardia del emprendimiento femen\u00edn, con 9 muyeres entamadores por cada 10 homes, mientres la media europea asitiase en 6 por cada 10 homes. Nun hai socied\u00e1 que progrese escaeci\u00e9ndose de la met\u00e1 de la so poblaci\u00f3n.<\/p>\n<ul>\n<li><a href=\"https:\/\/www.facebook.com\/fundacionbiodiversidad\/photos\/a.397691103704\/10158999345058705\/\">Fonte: Fundaci\u00f3n Diversidad<\/a> \/<\/li>\n<\/ul>\n<p><!--more--><\/p>\n<p>El 19 de payares celebra&#8217;l <strong>D\u00eda Internacional de la Muyer Entamadora<\/strong>, impuls\u00e1u pola organizaci\u00f3n <a href=\"https:\/\/www.womenseday.org\/\"><span style=\"text-decoration: underline\"><span style=\"color: #008080;text-decoration: underline\">Women\u2019s Entrepreneurship Day Organization (WEDO)<\/span><\/span><\/a>, en m\u00e1s de 140 pa\u00edses. Esta conmemoraci\u00f3n tien l&#8217;oxetivu de empoderar, sofitar y celebrar a les muyeres entamadores nel mundu, seg\u00fan inspirar ya impulsar a les muyeres y ne\u00f1es a convertise en participantes actives de la econom\u00eda.<\/p>\n<blockquote><p><em><span style=\"color: #008080\"><strong>Iguald\u00e1 de x\u00e9neru para un mundu m\u00e1s sostenible<\/strong><\/span><\/em><\/p><\/blockquote>\n<p>G\u00fcei m\u00e1s que nunca se precisa que nel mundu enteru esista una iguald\u00e1 de x\u00e9neru. D&#8217;alcuerdu a les Naciones Xun\u00edes, les muyeres tienen derechos inalienables, que vieno sofitando dende la so Carta Fundacional.<\/p>\n<p>Nel a\u00f1u 1948, mientres una asamblea estraordinaria de la Organizaci\u00f3n de Naciones Xun\u00edes celebrada&#8217;l 10 d&#8217;avientu, aprob\u00f3se la declaraci\u00f3n que reafita que<strong><span style=\"color: #008080\"> tolos seres humanos tienen derechu a la llibert\u00e1, la iguald\u00e1 y la dignid\u00e1, ensin neng\u00fan tipu de distinci\u00f3n d&#8217;alcuerdu a la so raza, color, sexu, idioma, relix\u00f3n o cualesquier otra condici\u00f3n.<\/span><\/strong><\/p>\n<p>Tuvieron que trescurrir unos a\u00f1os m\u00e1s por que la Asamblea Xeneral declarara en 1975 l&#8217;A\u00f1u Internacional de la Muyer, que dio llugar a que se realizara la primer Conferencia Mundial sobro la Muyer, tou esto gracies a los innumberables movimientos feministes qu&#8217;en tol mundu llevaronse a cabu mientres la d\u00e9cada de los 70.<\/p>\n<p style=\"text-align: center\"><a href=\"https:\/\/www.gpazos.com\/contenidos\/imagenes\/noticias\/standard\/2019\/23.jpg\"><img loading=\"lazy\" decoding=\"async\" class=\"alignnone\" src=\"https:\/\/www.gpazos.com\/contenidos\/imagenes\/noticias\/standard\/2019\/23.jpg\" alt=\"\" width=\"1200\" height=\"720\" \/><\/a><\/p>\n<p style=\"text-align: center\"><img loading=\"lazy\" decoding=\"async\" class=\"alignnone size-medium\" src=\"https:\/\/es.jumpseller.com\/images\/learn\/women-entrepreneurs\/wm.jpg\" width=\"800\" height=\"600\" \/><\/p>\n","protected":false},"excerpt":{"rendered":"<p>Seg\u00fan l&#8217;Observatoriu del Emprendimiento Rede GEM Espa\u00f1a, Espa\u00f1a atopase na vanguardia del emprendimiento femen\u00edn, con 9 muyeres entamadores por cada 10 homes, mientres la media europea asitiase en 6 por cada 10 homes. Nun hai socied\u00e1 que progrese escaeci\u00e9ndose de la met\u00e1 de la so poblaci\u00f3n. Fonte: Fundaci\u00f3n Diversidad \/<\/p>\n","protected":false},"author":117,"featured_media":0,"comment_status":"open","ping_status":"open","sticky":false,"template":"","format":"standard","meta":{"footnotes":""},"categories":[6,79],"tags":[],"class_list":["post-11158","post","type-post","status-publish","format-standard","hentry","category-dia-de","category-muyer"],"_links":{"self":[{"href":"https:\/\/edublog.educastur.es\/ixuxu\/wp-json\/wp\/v2\/posts\/11158","targetHints":{"allow":["GET"]}}],"collection":[{"href":"https:\/\/edublog.educastur.es\/ixuxu\/wp-json\/wp\/v2\/posts"}],"about":[{"href":"https:\/\/edublog.educastur.es\/ixuxu\/wp-json\/wp\/v2\/types\/post"}],"author":[{"embeddable":true,"href":"https:\/\/edublog.educastur.es\/ixuxu\/wp-json\/wp\/v2\/users\/117"}],"replies":[{"embeddable":true,"href":"https:\/\/edublog.educastur.es\/ixuxu\/wp-json\/wp\/v2\/comments?post=11158"}],"version-history":[{"count":9,"href":"https:\/\/edublog.educastur.es\/ixuxu\/wp-json\/wp\/v2\/posts\/11158\/revisions"}],"predecessor-version":[{"id":11161,"href":"https:\/\/edublog.educastur.es\/ixuxu\/wp-json\/wp\/v2\/posts\/11158\/revisions\/11161"}],"wp:attachment":[{"href":"https:\/\/edublog.educastur.es\/ixuxu\/wp-json\/wp\/v2\/media?parent=11158"}],"wp:term":[{"taxonomy":"category","embeddable":true,"href":"https:\/\/edublog.educastur.es\/ixuxu\/wp-json\/wp\/v2\/categories?post=11158"},{"taxonomy":"post_tag","embeddable":true,"href":"https:\/\/edublog.educastur.es\/ixuxu\/wp-json\/wp\/v2\/tags?post=11158"}],"curies":[{"name":"wp","href":"https:\/\/api.w.org\/{rel}","templated":true}]}}