{"id":11249,"date":"2021-11-11T10:00:35","date_gmt":"2021-11-11T08:00:35","guid":{"rendered":"https:\/\/edublog.educastur.es\/ixuxu\/?p=11249"},"modified":"2021-11-20T12:02:16","modified_gmt":"2021-11-20T10:02:16","slug":"dia-del-churro","status":"publish","type":"post","link":"https:\/\/edublog.educastur.es\/ixuxu\/2021\/11\/dia-del-churro\/","title":{"rendered":"D\u00eda Internacional del churru"},"content":{"rendered":"<p>G\u00fcei 11 de payares celebra&#8217;l d\u00eda internacional del churru: emblem\u00e1ticu postre fechu a base d&#8217;agua, farina de trigu, aceite y azucre.<\/p>\n<p style=\"text-align: center\"><a href=\"https:\/\/www.ahumados.shop\/wp-content\/uploads\/2021\/04\/churros-GettyImages-97403383.jpg\"><img loading=\"lazy\" decoding=\"async\" class=\"alignnone\" src=\"https:\/\/www.ahumados.shop\/wp-content\/uploads\/2021\/04\/churros-GettyImages-97403383.jpg\" alt=\"\" width=\"693\" height=\"462\" \/><\/a><\/p>\n<ul>\n<li>D\u00eda del churro \/ <a href=\"https:\/\/www.facebook.com\/hashtag\/d%C3%ADadelchurro\">en Facebook<\/a> \/ <a href=\"https:\/\/blog.cookpad.com\/uy\/11-de-noviembre-dia-internacional-del-churro\/\">Art\u00edculo<\/a> \/ <a href=\"https:\/\/es.wikipedia.org\/wiki\/Churro\">Wiki<\/a> \/ <a href=\"https:\/\/www.google.com\/search?q=churro&amp;client=firefox-b-d&amp;sxsrf=AOaemvJ-KHPIjAYKgvoN_YxzOCIMg8aK9g:1637402250001&amp;source=lnms&amp;tbm=isch&amp;sa=X&amp;ved=2ahUKEwiIr9zb1qb0AhVNi1wKHXE5DpwQ_AUoAXoECAEQAw&amp;biw=1536&amp;bih=739&amp;dpr=1.25\">semeyes<\/a> \/<\/li>\n<\/ul>\n<p><!--more--><\/p>\n<p>Sobro los sos or\u00edxenes&#8230; En China, la hestoria rem\u00f3ntase remonta al sieglu XII, cola creaci\u00f3n del youtiao, que consist\u00eda nuna masa de pan salada frita y qu&#8217;ent\u00e1 sigui esistiendo, col nome de Youtia (Palu tost\u00e1u n&#8217;aceite). Yera un pan tost\u00e1u con un toque de sal. La so figura allargada sol\u00eda somorguiase n&#8217;aceite y representaben a personaxes hist\u00f3ricos del pa\u00eds.<\/p>\n<p>Tiempu m\u00e1s tarde llegar\u00eda a Portugal y camudar\u00edase el sabor a lo que conocemos angua\u00f1o como duce. En Portugal en llugar de sal, usaben azucre, pero non foi hasta&#8217;l sieglu XVIII onde pastores de los montes prepararonlos como una alternativa al pan fresco que consum\u00eden nos altores, y ye onde se da a conocer col nome de Churros por cuenta de la so semeyanza de la so forma colos cuernos de la denominada oveya churra.<\/p>\n<p>N&#8217;Europa, mientres el sieglu XVIII, la receta <span style=\"color: #008080\">lleg\u00f3 a Espa\u00f1a con cambeos como l&#8217;azucre y la so forma como xuna estrella.<\/span> D&#8217;esta manera ye como s&#8217;empez\u00f3 a espandir a lo llargo del mundu, y\u00e1 adopt\u00f3 distintes caracter\u00edstiques propies de cada pa\u00eds.<\/p>\n<p style=\"text-align: center\"><a href=\"https:\/\/ep01.epimg.net\/elcomidista\/imagenes\/2018\/09\/26\/receta\/1537981604_513712_1537983600_noticia_fotograma.jpg\"><img loading=\"lazy\" decoding=\"async\" class=\"alignnone\" src=\"https:\/\/ep01.epimg.net\/elcomidista\/imagenes\/2018\/09\/26\/receta\/1537981604_513712_1537983600_noticia_fotograma.jpg\" alt=\"\" width=\"980\" height=\"552\" \/><\/a><\/p>\n<p>Na actualid\u00e1, les cases de churrer\u00edes marquen encl\u00edn y hasta-y a\u00f1eden los m\u00e1s tendenciosos ingredientes. Dellos rellenos de dulce de lleche, Nutella, chocolate blancu o negru. En versi\u00f3n salada o dulce con xel\u00e1u. Con un estilu allarg\u00e1u como cay\u00e1u o enred\u00e1u como espiral, pero siempres xuna bona opci\u00f3n pa munches families.<\/p>\n","protected":false},"excerpt":{"rendered":"<p>G\u00fcei 11 de payares celebra&#8217;l d\u00eda internacional del churru: emblem\u00e1ticu postre fechu a base d&#8217;agua, farina de trigu, aceite y azucre. D\u00eda del churro \/ en Facebook \/ Art\u00edculo \/ Wiki \/ semeyes \/<\/p>\n","protected":false},"author":117,"featured_media":0,"comment_status":"open","ping_status":"open","sticky":false,"template":"","format":"standard","meta":{"footnotes":""},"categories":[6],"tags":[],"class_list":["post-11249","post","type-post","status-publish","format-standard","hentry","category-dia-de"],"_links":{"self":[{"href":"https:\/\/edublog.educastur.es\/ixuxu\/wp-json\/wp\/v2\/posts\/11249","targetHints":{"allow":["GET"]}}],"collection":[{"href":"https:\/\/edublog.educastur.es\/ixuxu\/wp-json\/wp\/v2\/posts"}],"about":[{"href":"https:\/\/edublog.educastur.es\/ixuxu\/wp-json\/wp\/v2\/types\/post"}],"author":[{"embeddable":true,"href":"https:\/\/edublog.educastur.es\/ixuxu\/wp-json\/wp\/v2\/users\/117"}],"replies":[{"embeddable":true,"href":"https:\/\/edublog.educastur.es\/ixuxu\/wp-json\/wp\/v2\/comments?post=11249"}],"version-history":[{"count":8,"href":"https:\/\/edublog.educastur.es\/ixuxu\/wp-json\/wp\/v2\/posts\/11249\/revisions"}],"predecessor-version":[{"id":11258,"href":"https:\/\/edublog.educastur.es\/ixuxu\/wp-json\/wp\/v2\/posts\/11249\/revisions\/11258"}],"wp:attachment":[{"href":"https:\/\/edublog.educastur.es\/ixuxu\/wp-json\/wp\/v2\/media?parent=11249"}],"wp:term":[{"taxonomy":"category","embeddable":true,"href":"https:\/\/edublog.educastur.es\/ixuxu\/wp-json\/wp\/v2\/categories?post=11249"},{"taxonomy":"post_tag","embeddable":true,"href":"https:\/\/edublog.educastur.es\/ixuxu\/wp-json\/wp\/v2\/tags?post=11249"}],"curies":[{"name":"wp","href":"https:\/\/api.w.org\/{rel}","templated":true}]}}