{"id":11265,"date":"2021-11-10T10:00:56","date_gmt":"2021-11-10T08:00:56","guid":{"rendered":"https:\/\/edublog.educastur.es\/ixuxu\/?p=11265"},"modified":"2021-11-20T12:34:32","modified_gmt":"2021-11-20T10:34:32","slug":"una-tradicion-celta-del-otono","status":"publish","type":"post","link":"https:\/\/edublog.educastur.es\/ixuxu\/2021\/11\/una-tradicion-celta-del-otono\/","title":{"rendered":"Una tradici\u00f3n celta del oto\u00f1o"},"content":{"rendered":"<div class=\"post-single-meta\">\n<h1 style=\"text-align: center\"><a href=\"https:\/\/verasturies.com\/lamaguestu-una-tradicion-celta-del-otono\/?fbclid=IwAR1m_B-SVaCIPGgHLvt-2eDpQErtgCaIWyzwTEAj_qJsorTztXFOsd3t2Co\"><span style=\"color: #008080;font-size: 28px\"><em>L\u2019amag\u00fcestu, una tradici\u00f3n celta del oto\u00f1o\u00a0<\/em><\/span><\/a><i class=\"fa fa-bookmark-o\"><\/i><\/h1>\n<p style=\"text-align: center\"><a href=\"https:\/\/verasturies.com\/wp-content\/uploads\/2021\/11\/403d659f-40df-436c-8906-fb0ef8e4f44d.jpg\"><img loading=\"lazy\" decoding=\"async\" class=\"alignnone\" src=\"https:\/\/verasturies.com\/wp-content\/uploads\/2021\/11\/403d659f-40df-436c-8906-fb0ef8e4f44d.jpg\" alt=\"\" width=\"633\" height=\"475\" \/><\/a><\/p>\n<div class=\"post-meta\">\n<div class=\"post-meta-content\"><span class=\"post-auhor-date post-auhor-date-full\"> <a href=\"https:\/\/verasturies.com\/author\/ast-1260\/\"> <img loading=\"lazy\" decoding=\"async\" class=\"avatar avatar-28 photo post-author-image\" src=\"https:\/\/verasturies.com\/wp-content\/uploads\/2020\/07\/favicon-verasturies-80x80.png\" alt=\"\" width=\"28\" height=\"28\" \/> <\/a> <a class=\"post-author\" href=\"https:\/\/verasturies.com\/author\/ast-1260\/\">Fonte: Ver Asturies Redacci\u00f3n<\/a><\/span><span class=\"post-readtime\"><br \/>\n<\/span><\/div>\n<\/div>\n<\/div>\n<div class=\"post-content post-single-content\">\n<p>L\u2019amag\u00fcestu es una celebraci\u00f3n asturiana en la que se comen casta\u00f1as asadas, acompa\u00f1adas de sidra dulce, haci\u00e9ndose generalmente en el mes de noviembre y con gran tradici\u00f3n en toda la contorna asturiana. Esta celebraci\u00f3n es muy antigua, no conocemos el origen claro de ella, pero s\u00ed que viene de las tradiciones y fiestas celtas, dentro de las fiestas agrarias, t\u00edpicas de los tiempos prehist\u00f3ricos y protohist\u00f3ricos.<\/p>\n<p><!--more--><\/p>\n<p>Seg\u00fan las viejas creencias, la casta\u00f1a era el s\u00edmbolo del \u00e1nima de los difuntos. Cada casta\u00f1a que se com\u00eda liberaba un \u00e1nima del purgatorio. En otros muchos lugares se celebra el d\u00eda 1 de noviembre, al mismo tiempo que la fiesta celta Samhain, en la que se rinde culto al fuego y su efecto purificador sobre diferentes malos esp\u00edritus.<\/p>\n<p>El 1 de noviembre, los celtas serenaban los poderes del otro mundo, y propiciaban que hubiera suficiente cosecha celebrando el Samhain, la que era, para unos, el principio del invierno, y para otros, el final del verano. En todo caso, era el rpincipio de un nuevo ciclo y un periodo de profunda comunicaci\u00f3n entre este y el otro mundo. Se reun\u00eda mucha gente porque era una fiesta obligatoria. Se dec\u00eda que quien no iba pod\u00eda enloquecer. En esas mismas fechas, los romanos celebraban las saturnales.<\/p>\n<p>La costumbre de comer casta\u00f1as asadas con motivo de la fiesta de \u00e1nimas se hace en toda la zona norte de la pen\u00ednsula ib\u00e9rica, como Galicia (con el nombre de magosto), Cantabria (con el nombre de magosta), Euskadi (gaztainerre o gazta\u00f1arre), en Lli\u00f3n y Zamora, y mesmo en Catalu\u00f1a, con el nombre de castanyada. Tambi\u00e9n es una fiesta muy popular en Portugal, con el nombre de magusto. En la Aldeia Vi\u00e7osa (del concejo de A Guarda), se celebra o Magusto da Velha.<\/p>\n<\/div>\n<hr \/>\n<p style=\"text-align: center\">\n<!-- iframe plugin v.6.0 wordpress.org\/plugins\/iframe\/ -->\n<iframe loading=\"lazy\" src=\"https:\/\/drive.google.com\/file\/d\/1IR1og7qrP_O8HoVcn_ANuFzrjKSRjYNV\/preview\" width=\"640\" height=\"640\" allow=\"autoplay\" 0=\"\/iframe\" scrolling=\"yes\" class=\"iframe-class\" frameborder=\"0\"><\/iframe>\n<\/p>\n","protected":false},"excerpt":{"rendered":"<p>L\u2019amag\u00fcestu, una tradici\u00f3n celta del oto\u00f1o\u00a0 Fonte: Ver Asturies Redacci\u00f3n L\u2019amag\u00fcestu es una celebraci\u00f3n asturiana en la que se comen casta\u00f1as asadas, acompa\u00f1adas de sidra dulce, haci\u00e9ndose generalmente en el mes de noviembre y con gran tradici\u00f3n en toda la contorna asturiana. Esta celebraci\u00f3n es muy antigua, no conocemos el origen claro de ella, pero [&hellip;]<\/p>\n","protected":false},"author":117,"featured_media":0,"comment_status":"open","ping_status":"open","sticky":false,"template":"","format":"standard","meta":{"footnotes":""},"categories":[138],"tags":[],"class_list":["post-11265","post","type-post","status-publish","format-standard","hentry","category-alimentos"],"_links":{"self":[{"href":"https:\/\/edublog.educastur.es\/ixuxu\/wp-json\/wp\/v2\/posts\/11265","targetHints":{"allow":["GET"]}}],"collection":[{"href":"https:\/\/edublog.educastur.es\/ixuxu\/wp-json\/wp\/v2\/posts"}],"about":[{"href":"https:\/\/edublog.educastur.es\/ixuxu\/wp-json\/wp\/v2\/types\/post"}],"author":[{"embeddable":true,"href":"https:\/\/edublog.educastur.es\/ixuxu\/wp-json\/wp\/v2\/users\/117"}],"replies":[{"embeddable":true,"href":"https:\/\/edublog.educastur.es\/ixuxu\/wp-json\/wp\/v2\/comments?post=11265"}],"version-history":[{"count":4,"href":"https:\/\/edublog.educastur.es\/ixuxu\/wp-json\/wp\/v2\/posts\/11265\/revisions"}],"predecessor-version":[{"id":11270,"href":"https:\/\/edublog.educastur.es\/ixuxu\/wp-json\/wp\/v2\/posts\/11265\/revisions\/11270"}],"wp:attachment":[{"href":"https:\/\/edublog.educastur.es\/ixuxu\/wp-json\/wp\/v2\/media?parent=11265"}],"wp:term":[{"taxonomy":"category","embeddable":true,"href":"https:\/\/edublog.educastur.es\/ixuxu\/wp-json\/wp\/v2\/categories?post=11265"},{"taxonomy":"post_tag","embeddable":true,"href":"https:\/\/edublog.educastur.es\/ixuxu\/wp-json\/wp\/v2\/tags?post=11265"}],"curies":[{"name":"wp","href":"https:\/\/api.w.org\/{rel}","templated":true}]}}