{"id":11285,"date":"2021-11-11T09:00:35","date_gmt":"2021-11-11T07:00:35","guid":{"rendered":"https:\/\/edublog.educastur.es\/ixuxu\/?p=11285"},"modified":"2021-11-21T23:14:07","modified_gmt":"2021-11-21T21:14:07","slug":"11285","status":"publish","type":"post","link":"https:\/\/edublog.educastur.es\/ixuxu\/2021\/11\/11285\/","title":{"rendered":"D\u00eda Mundial del Origami"},"content":{"rendered":"<p style=\"text-align: center\"><img loading=\"lazy\" decoding=\"async\" class=\"aligncenter\" src=\"https:\/\/www.explainervideomakers.com\/blog\/wp-content\/uploads\/2020\/11\/Origami-day-evm.jpg\" width=\"587\" height=\"307\" \/><\/p>\n<p>A\u00f1almente, ente&#8217;l 24 d&#8217;ochobre y el 11 de payares, cel\u00e9brase&#8217;l <span style=\"color: #008080\"><strong>D\u00eda Mundial del Origami<\/strong><\/span>, n&#8217;homenaxe a una espresi\u00f3n art\u00edstica basada na pr\u00e1ctica del pleg\u00e1u de papel, pa crear diverses figures.<\/p>\n<p><!--more--><\/p>\n<p>Conmem\u00f3rase&#8217;l origami, por considerar a esta forma d&#8217;arte milenario como xuna activid\u00e1 pac\u00edfica que xune a les persones, fomentando l&#8217;amist\u00e1, la concentraci\u00f3n y el desenvolvimientu de la creativid\u00e1.<\/p>\n<p>Les feches d&#8217;elecci\u00f3n pa la celebraci\u00f3n del D\u00eda Mundial del Origami dende&#8217;l 24 d&#8217;ochobre hasta&#8217;l 11 de payares d\u00e9bese a qu&#8217;el 24 d&#8217;ochobre ye l&#8217;aniversariu de la nacencia de <a href=\"https:\/\/www.google.com\/search?q=Lillian+Oppenheimer&amp;client=firefox-b-d&amp;sxsrf=AOaemvKpelDFmWOsbtDFecixWzU-qS3czQ:1637528556221&amp;source=lnms&amp;tbm=isch&amp;sa=X&amp;ved=2ahUKEwiHm5yfrar0AhXGhv0HHXyQAVkQ_AUoAXoECAEQAw&amp;biw=1536&amp;bih=739&amp;dpr=1.25\"><span style=\"text-decoration: underline\"><span style=\"color: #008080;text-decoration: underline\">Lillian Oppenheimer<\/span><\/span><\/a> (1898-1992), quien fund\u00f3&#8217;l primer grupu d&#8217;Origami n&#8217;Estaos Xun\u00edos.<\/p>\n<p style=\"text-align: center\">\n<!-- iframe plugin v.6.0 wordpress.org\/plugins\/iframe\/ -->\n<iframe loading=\"lazy\" width=\"100%\" height=\"375\" src=\"https:\/\/www.youtube.com\/embed\/noUM045yNdY\" 0=\"\/iframe\" scrolling=\"yes\" class=\"iframe-class\" frameborder=\"0\"><\/iframe>\n<\/p>\n<ul>\n<li><a href=\"https:\/\/www.youtube.com\/watch?v=CVYDSMNwlO0\">Caja de coraz\u00f3n y sobre<\/a><\/li>\n<\/ul>\n<p style=\"text-align: center\">\n<!-- iframe plugin v.6.0 wordpress.org\/plugins\/iframe\/ -->\n<iframe loading=\"lazy\" width=\"100%\" height=\"375\" src=\"https:\/\/www.youtube.com\/embed\/CVYDSMNwlO0\" 0=\"\/iframe\" scrolling=\"yes\" class=\"iframe-class\" frameborder=\"0\"><\/iframe>\n<\/p>\n<ul>\n<li><a href=\"https:\/\/www.youtube.com\/watch?v=Do8FX9D2Sac\">Comecocos<\/a> \/<\/li>\n<\/ul>\n<p style=\"text-align: center\">\n<!-- iframe plugin v.6.0 wordpress.org\/plugins\/iframe\/ -->\n<iframe loading=\"lazy\" width=\"100%\" height=\"375\" src=\"https:\/\/www.youtube.com\/embed\/fJp6fdftLpw\" 0=\"\/iframe\" scrolling=\"yes\" class=\"iframe-class\" frameborder=\"0\"><\/iframe>\n<\/p>\n<ul>\n<li><a href=\"https:\/\/www.youtube.com\/watch?v=EX0hP-J_6hg\">Avi\u00f3n tipo flecha<\/a><\/li>\n<\/ul>\n<p style=\"text-align: center\">\n<!-- iframe plugin v.6.0 wordpress.org\/plugins\/iframe\/ -->\n<iframe loading=\"lazy\" width=\"100%\" height=\"375\" src=\"https:\/\/www.youtube.com\/embed\/EX0hP-J_6hg\" 0=\"\/iframe\" scrolling=\"yes\" class=\"iframe-class\" frameborder=\"0\"><\/iframe>\n<\/p>\n<ul>\n<li><a href=\"https:\/\/www.youtube.com\/watch?v=R-a44Puv6Ws\">Grulla<\/a><\/li>\n<\/ul>\n<p style=\"text-align: center\"><a href=\"https:\/\/bricolaje10.com\/wp-content\/uploads\/2021\/09\/los-origami-mas-sencillos-para-hacer-con-personas-mayores-y-celebrar-el-dia-mundial-del-origami-caballo-istock-600x600.jpg\"><img loading=\"lazy\" decoding=\"async\" class=\"alignnone\" src=\"https:\/\/bricolaje10.com\/wp-content\/uploads\/2021\/09\/los-origami-mas-sencillos-para-hacer-con-personas-mayores-y-celebrar-el-dia-mundial-del-origami-caballo-istock-600x600.jpg\" alt=\"\" width=\"600\" height=\"600\" \/><\/a><\/p>\n","protected":false},"excerpt":{"rendered":"<p>A\u00f1almente, ente&#8217;l 24 d&#8217;ochobre y el 11 de payares, cel\u00e9brase&#8217;l D\u00eda Mundial del Origami, n&#8217;homenaxe a una espresi\u00f3n art\u00edstica basada na pr\u00e1ctica del pleg\u00e1u de papel, pa crear diverses figures.<\/p>\n","protected":false},"author":117,"featured_media":0,"comment_status":"open","ping_status":"open","sticky":false,"template":"","format":"standard","meta":{"footnotes":""},"categories":[6],"tags":[],"class_list":["post-11285","post","type-post","status-publish","format-standard","hentry","category-dia-de"],"_links":{"self":[{"href":"https:\/\/edublog.educastur.es\/ixuxu\/wp-json\/wp\/v2\/posts\/11285","targetHints":{"allow":["GET"]}}],"collection":[{"href":"https:\/\/edublog.educastur.es\/ixuxu\/wp-json\/wp\/v2\/posts"}],"about":[{"href":"https:\/\/edublog.educastur.es\/ixuxu\/wp-json\/wp\/v2\/types\/post"}],"author":[{"embeddable":true,"href":"https:\/\/edublog.educastur.es\/ixuxu\/wp-json\/wp\/v2\/users\/117"}],"replies":[{"embeddable":true,"href":"https:\/\/edublog.educastur.es\/ixuxu\/wp-json\/wp\/v2\/comments?post=11285"}],"version-history":[{"count":7,"href":"https:\/\/edublog.educastur.es\/ixuxu\/wp-json\/wp\/v2\/posts\/11285\/revisions"}],"predecessor-version":[{"id":11292,"href":"https:\/\/edublog.educastur.es\/ixuxu\/wp-json\/wp\/v2\/posts\/11285\/revisions\/11292"}],"wp:attachment":[{"href":"https:\/\/edublog.educastur.es\/ixuxu\/wp-json\/wp\/v2\/media?parent=11285"}],"wp:term":[{"taxonomy":"category","embeddable":true,"href":"https:\/\/edublog.educastur.es\/ixuxu\/wp-json\/wp\/v2\/categories?post=11285"},{"taxonomy":"post_tag","embeddable":true,"href":"https:\/\/edublog.educastur.es\/ixuxu\/wp-json\/wp\/v2\/tags?post=11285"}],"curies":[{"name":"wp","href":"https:\/\/api.w.org\/{rel}","templated":true}]}}