{"id":11298,"date":"2021-11-08T09:00:50","date_gmt":"2021-11-08T07:00:50","guid":{"rendered":"https:\/\/edublog.educastur.es\/ixuxu\/?p=11298"},"modified":"2021-11-21T23:57:23","modified_gmt":"2021-11-21T21:57:23","slug":"dia-mundial-del-urbanismu","status":"publish","type":"post","link":"https:\/\/edublog.educastur.es\/ixuxu\/2021\/11\/dia-mundial-del-urbanismu\/","title":{"rendered":"D\u00eda Mundial del Urbanismu"},"content":{"rendered":"<p style=\"text-align: left\"><a href=\"https:\/\/transecto.com\/wp-content\/uploads\/2020\/09\/Paris_portada.jpg\"><img loading=\"lazy\" decoding=\"async\" class=\"alignnone\" src=\"https:\/\/transecto.com\/wp-content\/uploads\/2020\/09\/Paris_portada.jpg\" alt=\"\" width=\"264\" height=\"132\" \/><\/a> \/<a href=\"https:\/\/transferencia.tec.mx\/wp-content\/uploads\/2019\/08\/Urbanismo-web.jpg\"><img loading=\"lazy\" decoding=\"async\" class=\"alignnone\" src=\"https:\/\/transferencia.tec.mx\/wp-content\/uploads\/2019\/08\/Urbanismo-web.jpg\" alt=\"\" width=\"202\" height=\"135\" \/><\/a><\/p>\n<ul>\n<li><a href=\"https:\/\/es.wikipedia.org\/wiki\/Urbanismo\">Urbanismu<\/a> \/ <a href=\"https:\/\/www.google.com\/search?q=urbanismo&amp;client=firefox-b-d&amp;sxsrf=AOaemvIrvo1Tp3QmecFZnvdaJr-_8RAUyw:1637530246920&amp;source=lnms&amp;tbm=isch&amp;sa=X&amp;ved=2ahUKEwjwrrTFs6r0AhUXQkEAHeqwDOMQ_AUoAnoECAEQBA&amp;biw=1536&amp;bih=739&amp;dpr=1.25\">semeyes<\/a> \/<\/li>\n<\/ul>\n<p>L&#8217;urbanismu ye&#8217;l conxuntu de<strong><span style=\"color: #008080\"> disciplines que s&#8217;encarga del estudiu de los asentamientos humanos<\/span><\/strong> para&#8217;l so diagn\u00f3sticu, comprensi\u00f3n ya intervenci\u00f3n. L&#8217;urbanismu utiliza a la xeograf\u00eda urbana como ferramienta fundamental, ya intenta entender los procesos urbanos con cuenta de planiar les intervenciones para la cualificaci\u00f3n del espaciu. El t\u00e9rminu urbanismu aniciase a finales del sieglu XIX col inxenieru arquitectu catal\u00e1n Ildefonso Cerd\u00e1, que la so intenci\u00f3n yera crear una activid\u00e1 aut\u00f3noma centrada na <strong><span style=\"color: #008080\">organizaci\u00f3n espacial de la ciud\u00e1.<\/span> <\/strong><\/p>\n<p><!--more--><\/p>\n<p style=\"text-align: center\"><a href=\"http:\/\/reurbanismo.es\/wp-content\/uploads\/2021\/10\/reurbamismo2.jpg\"><img loading=\"lazy\" decoding=\"async\" class=\"alignnone\" src=\"http:\/\/reurbanismo.es\/wp-content\/uploads\/2021\/10\/reurbamismo2.jpg\" alt=\"\" width=\"1906\" height=\"599\" \/><\/a><\/p>\n<p>Nel a\u00f1u 1949 naci\u00f3&#8217;l <span style=\"color: #008080\"><strong>D\u00eda Mundial del Urbanismu<\/strong><\/span>. Foi una propuesta Inxenieru Carlos Maria della Paolera, el primer catedr\u00e1ticu d&#8217;Arxentina. Esti home realiz\u00f3 dos grandes apurras a la celebraci\u00f3n: (1)\u00a0 Creaci\u00f3n del <strong>dise\u00f1u del s\u00edmbolu del urbanismu<\/strong>, que paez un sol color oro, sobre xuna irradiaci\u00f3n azul y un fondu verde. Esti s\u00edmbolu representa los elementos de la naturaleza. <span style=\"color: #008080\">L&#8217;oru ye&#8217;l sol y per ende l&#8217;aire y el fueu; l&#8217;azul ye l&#8217;agua; y el verde ye la vexetaci\u00f3n y la tierra d&#8217;onde ta naz.<\/span><\/p>\n<p><a href=\"https:\/\/mandua.cdn1.dattamax.com\/userfiles\/images\/galerias\/noti-14_2.jpg\"><img loading=\"lazy\" decoding=\"async\" class=\"aligncenter\" src=\"https:\/\/mandua.cdn1.dattamax.com\/userfiles\/images\/galerias\/noti-14_2.jpg\" alt=\"\" width=\"467\" height=\"263\" \/><\/a><\/p>\n<p>El segundu apurra foi&#8217;l de proponer nel a\u00f1u 1949 la creaci\u00f3n del D\u00eda Mundial del Urbanismu, coles mires de<span style=\"color: #008080\"> concenciar a les persones, pero sobremanera a los grupos de trabayu de planificaci\u00f3n urbana, sobro la necesid\u00e1 de xenerar ambientes sanos con espacios verdes, pa evitar el hacinamiento de la poblaci\u00f3n, la contaminaci\u00f3n y asegurar la terminaci\u00f3n de diches obres.<\/span><\/p>\n<p style=\"text-align: center\"><span style=\"color: #008080;font-size: 20px\"><em>Exemplu:<strong> Prau de la Vega \/ <\/strong><a href=\"https:\/\/www.google.com\/maps?q=plaza+de+la+ense%C3%B1anza+oviedo&amp;source=lmns&amp;bih=739&amp;biw=1536&amp;client=firefox-b-d&amp;hl=es&amp;sa=X&amp;ved=2ahUKEwj2mv6euar0AhUB-YUKHZrCD_cQ_AUoAXoECAEQAQ\">mapa Plaza de la Ense\u00f1anza<\/a><strong><br \/>\n<\/strong><\/em><\/span><\/p>\n<p style=\"text-align: center\"><a href=\"https:\/\/www.nuevosvecinos.com\/fotos\/bpradovega\/20091206130705937_Plano%20Prado%20de%20la%20Vega.jpg\"><img loading=\"lazy\" decoding=\"async\" class=\"alignnone\" src=\"https:\/\/www.nuevosvecinos.com\/fotos\/bpradovega\/20091206130705937_Plano%20Prado%20de%20la%20Vega.jpg\" alt=\"\" width=\"700\" height=\"363\" \/><\/a><\/p>\n<p style=\"text-align: center\"><a href=\"http:\/\/2.bp.blogspot.com\/-2MWQlD9aE64\/T5V20dKPcYI\/AAAAAAAAABg\/bqT_busGKcw\/s1600\/pradodelavega3+INTERIOR.jpg\"><img loading=\"lazy\" decoding=\"async\" class=\"alignnone\" src=\"http:\/\/2.bp.blogspot.com\/-2MWQlD9aE64\/T5V20dKPcYI\/AAAAAAAAABg\/bqT_busGKcw\/s1600\/pradodelavega3+INTERIOR.jpg\" alt=\"\" width=\"790\" height=\"557\" \/><\/a><\/p>\n<p style=\"text-align: center\"><a href=\"http:\/\/www.sogepsa.com\/wp-content\/uploads\/2014\/03\/43.2-EN-VENTA.jpg\"><img loading=\"lazy\" decoding=\"async\" class=\"alignnone\" src=\"http:\/\/www.sogepsa.com\/wp-content\/uploads\/2014\/03\/43.2-EN-VENTA.jpg\" alt=\"\" width=\"1006\" height=\"711\" \/><\/a><\/p>\n<p style=\"text-align: center\"><a href=\"https:\/\/www.pondio.com\/sites\/default\/files\/styles\/pondio_proyectos\/public\/2018-06\/Hospital%20Universitario%20Central%20de%20Asturias_01.jpg?itok=Upbf2Jak\"><img loading=\"lazy\" decoding=\"async\" class=\"alignnone\" src=\"https:\/\/www.pondio.com\/sites\/default\/files\/styles\/pondio_proyectos\/public\/2018-06\/Hospital%20Universitario%20Central%20de%20Asturias_01.jpg?itok=Upbf2Jak\" alt=\"\" width=\"3240\" height=\"2160\" \/><\/a><\/p>\n<p style=\"text-align: center\"><a href=\"https:\/\/estaticos-cdn.prensaiberica.es\/clip\/258dec46-b75b-4ea3-ba39-b4698c2ccabf_source-aspect-ratio_default_0.jpg\"><img loading=\"lazy\" decoding=\"async\" class=\"alignnone\" src=\"https:\/\/estaticos-cdn.prensaiberica.es\/clip\/258dec46-b75b-4ea3-ba39-b4698c2ccabf_source-aspect-ratio_default_0.jpg\" alt=\"\" width=\"1759\" height=\"1241\" \/><\/a><\/p>\n<p><a href=\"https:\/\/i1.wp.com\/www.adecursos.com\/wp-content\/uploads\/2017\/02\/1a7.jpg\"><img loading=\"lazy\" decoding=\"async\" class=\"alignnone\" src=\"https:\/\/i1.wp.com\/www.adecursos.com\/wp-content\/uploads\/2017\/02\/1a7.jpg\" alt=\"\" width=\"1002\" height=\"708\" \/><\/a><\/p>\n<p>&nbsp;<\/p>\n<p>&nbsp;<\/p>\n<p>&nbsp;<\/p>\n","protected":false},"excerpt":{"rendered":"<p>\/ Urbanismu \/ semeyes \/ L&#8217;urbanismu ye&#8217;l conxuntu de disciplines que s&#8217;encarga del estudiu de los asentamientos humanos para&#8217;l so diagn\u00f3sticu, comprensi\u00f3n ya intervenci\u00f3n. L&#8217;urbanismu utiliza a la xeograf\u00eda urbana como ferramienta fundamental, ya intenta entender los procesos urbanos con cuenta de planiar les intervenciones para la cualificaci\u00f3n del espaciu. El t\u00e9rminu urbanismu aniciase a [&hellip;]<\/p>\n","protected":false},"author":117,"featured_media":0,"comment_status":"open","ping_status":"open","sticky":false,"template":"","format":"standard","meta":{"footnotes":""},"categories":[6],"tags":[],"class_list":["post-11298","post","type-post","status-publish","format-standard","hentry","category-dia-de"],"_links":{"self":[{"href":"https:\/\/edublog.educastur.es\/ixuxu\/wp-json\/wp\/v2\/posts\/11298","targetHints":{"allow":["GET"]}}],"collection":[{"href":"https:\/\/edublog.educastur.es\/ixuxu\/wp-json\/wp\/v2\/posts"}],"about":[{"href":"https:\/\/edublog.educastur.es\/ixuxu\/wp-json\/wp\/v2\/types\/post"}],"author":[{"embeddable":true,"href":"https:\/\/edublog.educastur.es\/ixuxu\/wp-json\/wp\/v2\/users\/117"}],"replies":[{"embeddable":true,"href":"https:\/\/edublog.educastur.es\/ixuxu\/wp-json\/wp\/v2\/comments?post=11298"}],"version-history":[{"count":7,"href":"https:\/\/edublog.educastur.es\/ixuxu\/wp-json\/wp\/v2\/posts\/11298\/revisions"}],"predecessor-version":[{"id":11300,"href":"https:\/\/edublog.educastur.es\/ixuxu\/wp-json\/wp\/v2\/posts\/11298\/revisions\/11300"}],"wp:attachment":[{"href":"https:\/\/edublog.educastur.es\/ixuxu\/wp-json\/wp\/v2\/media?parent=11298"}],"wp:term":[{"taxonomy":"category","embeddable":true,"href":"https:\/\/edublog.educastur.es\/ixuxu\/wp-json\/wp\/v2\/categories?post=11298"},{"taxonomy":"post_tag","embeddable":true,"href":"https:\/\/edublog.educastur.es\/ixuxu\/wp-json\/wp\/v2\/tags?post=11298"}],"curies":[{"name":"wp","href":"https:\/\/api.w.org\/{rel}","templated":true}]}}