{"id":1149,"date":"2020-10-23T08:31:42","date_gmt":"2020-10-23T06:31:42","guid":{"rendered":"https:\/\/edublog.educastur.es\/ixuxu\/?p=1149"},"modified":"2020-10-24T11:04:43","modified_gmt":"2020-10-24T09:04:43","slug":"centenariu-de-la-nacencia-de-gianni-rodari","status":"publish","type":"post","link":"https:\/\/edublog.educastur.es\/ixuxu\/2020\/10\/centenariu-de-la-nacencia-de-gianni-rodari\/","title":{"rendered":"Centenariu de la nacencia de Gianni Rodari"},"content":{"rendered":"<p><a href=\"https:\/\/linternasybosques.files.wordpress.com\/2020\/10\/100-gianni-rodari.jpg\"><img loading=\"lazy\" decoding=\"async\" class=\"alignnone size-full\" src=\"https:\/\/linternasybosques.files.wordpress.com\/2020\/10\/100-gianni-rodari.jpg\" width=\"650\" height=\"340\" \/><\/a><\/p>\n<p><em><span style=\"color: #008080\"><strong><span style=\"font-size: 20px\">GIANNI RODARI (23 d&#8217;ochobre de 1920 \u2013 14 d&#8217;abril de 1980, Italia)<\/span><\/strong><\/span><\/em><\/p>\n<p><span style=\"font-size: 20px;color: #800000\"><em><strong>Autor indispensable na lliteratura infantil del sieglu XX.\u00a0<\/strong> <\/em><\/span><span style=\"font-size: 20px\"><em>Maestru, escritor, escomulg\u00e1u por \u201cexseminarista convert\u00edu en diab\u00f3licu\u201d, militante, periodista, censur\u00e1u, un imaxinador. Toles cares d&#8217;un ceador de mundos para la ni\u00f1ez, que critic\u00f3 duramente la escuela tradicional\u201d desenvolviendo una perspectiva dafechu renovadora tocantes a lo pedag\u00f3xico y lliterario. <\/em><a href=\"https:\/\/cuentibujos.com\/2020\/08\/20\/gianni-rodari-a-100-anos-de-su-nacimiento\/\"><em>Ver art\u00edculu completo.<\/em><\/a><\/span><\/p>\n<p><span style=\"font-size: 20px\"><em>Gianni Rodari dedic\u00f3 la mayor parte de la so obra a los ne\u00f1os a los que, en plena guerra fr\u00eda y tres la durez de la Segunda Guerra Mundial, encament\u00f3 a respetar y a abogar por una educaci\u00f3n rica n&#8217;humanid\u00e1 y fantas\u00eda. Refaer l&#8217;imaxinariu infantil y xuvenil yera una priorid\u00e1 para tola comunid\u00e1 educativa\u201d, se\u00f1ala Xavier Sarri\u00e0.<\/em><\/span><\/p>\n<blockquote><p><span style=\"font-size: 20px\"><em><span style=\"color: #008080\">\u00bfVal la pena qu&#8217;un ne\u00f1u aprienda llorando lo que puede aprender riendo?\u201d<\/span><\/em><\/span><\/p><\/blockquote>\n<p><a href=\"https:\/\/www.gelestatic.it\/thimg\/iNvHOMmEegsg4mkose0rBgKpaHY=\/1800x1014\/smart\/filters:format(webp)\/https:\/\/www.repstatic.it\/content\/localirep\/img\/rep\/2020\/04\/10\/132352285-d1cddd97-d55d-46ff-800a-6d184abd1614.jpg\"><img loading=\"lazy\" decoding=\"async\" class=\"alignnone \" src=\"https:\/\/www.gelestatic.it\/thimg\/iNvHOMmEegsg4mkose0rBgKpaHY=\/1800x1014\/smart\/filters:format(webp)\/https:\/\/www.repstatic.it\/content\/localirep\/img\/rep\/2020\/04\/10\/132352285-d1cddd97-d55d-46ff-800a-6d184abd1614.jpg\" width=\"525\" height=\"296\" \/><\/a><\/p>\n<ul>\n<li><strong><em><a href=\"https:\/\/100giannirodari.com\/\">Ver web Centenario\u00a0 n\u00b4italiano<\/a><\/em><\/strong><\/li>\n<li><a href=\"https:\/\/www.lavanguardia.com\/cultura\/culturas\/20200511\/481018441145\/cuentos-infantiles-gianni-rodari-centenario-rodari.html\">Art\u00edculu La Vanguardia<\/a><\/li>\n<\/ul>\n<p><em><span style=\"font-size: 20px\">\u00abTola obra de Gianni Rodari respuende a la so convencimiento nel poder lliberador de la fantas\u00eda y la diversi\u00f3n como veh\u00edculu de formaci\u00f3n did\u00e1ctica\u00bb<\/span><\/em><\/p>\n<blockquote><p><span style=\"color: #008080\"><em><span style=\"font-size: 20px\">\u00abSi queremos construyir otru mundu y otra socied\u00e1 dafechu distinta, ser\u00eda muncho m\u00e1s \u00fatil qu&#8217;empez\u00e1ramos a lleer cuentos, a imaxinar mundos improbables y a xugar coles palabres\u00bb<\/span><\/em><\/span><\/p>\n<p><span style=\"color: #008080\"><em><span style=\"font-size: 20px\">\u201cL&#8217;usu total de la palabra ye una demostraci\u00f3n de bellu son\u00edu democr\u00e1ticu. Non por que toos s\u00edan artistes, si non por que naide s\u00eda esclavu\u201d<\/span><\/em><\/span><\/p><\/blockquote>\n<ul>\n<li><span style=\"font-size: 20px\"><em><a href=\"https:\/\/lamenteesmaravillosa.com\/5-fantasticas-frases-de-gianni-rodari\/\">Leer 5 fant\u00e1stiques frases de G. R.<\/a><\/em><\/span><\/li>\n<\/ul>\n<blockquote><p><em><span style=\"color: #008080;font-size: 20px\">\u201cCreo que los cuentos de faes, los vieyos y los nuevos, pueden ayudar a educar la mente. El cuentu de faes ye&#8217;l llugar de toles hip\u00f3tesis\u201d.<\/span><\/em><\/p><\/blockquote>\n<p><em><span style=\"font-size: 20px\">Toles frases de Rodari son formoses ya inspiradores. La so obra en xunto ye un homenaxe a la infancia. Non solo a esa infancia d&#8217;ed\u00e1, sin\u00f3n al ne\u00f1u interior que nos habita a toos. Les sos palabres resulten bien refrescantes para un mundu que munches vegaes amu\u00e9sase pocu sensible a les verdaderes prioridaes del ser humanu.<\/span><\/em><\/p>\n<p><!--more--><\/p>\n<ul>\n<li>\n<h2>Entrevista<\/h2>\n<p><a href=\"https:\/\/www.loqueleo.com\/es\/uploads\/2020\/10\/entrevista-fantasma-a-gianni-rodari.pdf\" target=\"_blank\" rel=\"noopener noreferrer\"><img decoding=\"async\" src=\"https:\/\/www.loqueleo.com\/es\/uploads\/2020\/10\/entrevista-fantasma-a-gianni-rodari1.jpg\" alt=\"Entrevista fantasma con Gianni Rodari\" width=\"150\" \/><\/a><\/p>\n<h2>Carteles<\/h2>\n<p><a href=\"https:\/\/www.loqueleo.com\/es\/uploads\/2018\/10\/carteles-gianni-rodari.pdf\" target=\"_blank\" rel=\"noopener noreferrer\"><img loading=\"lazy\" decoding=\"async\" src=\"https:\/\/www.loqueleo.com\/es\/uploads\/2020\/02\/poster-gianni-rodari-01-peq.jpg\" alt=\"\" width=\"150\" height=\"212\" \/><\/a>\u00a0<a href=\"https:\/\/www.loqueleo.com\/es\/uploads\/2018\/10\/carteles-gianni-rodari.pdf\" target=\"_blank\" rel=\"noopener noreferrer\"><img loading=\"lazy\" decoding=\"async\" src=\"https:\/\/www.loqueleo.com\/es\/uploads\/2020\/02\/poster-gianni-rodari-02-peq.jpg\" alt=\"\" width=\"150\" height=\"212\" \/><\/a>\u00a0<a href=\"https:\/\/www.loqueleo.com\/es\/uploads\/2018\/10\/carteles-gianni-rodari.pdf\" target=\"_blank\" rel=\"noopener noreferrer\"><img loading=\"lazy\" decoding=\"async\" src=\"https:\/\/www.loqueleo.com\/es\/uploads\/2020\/02\/poster-gianni-rodari-03-peq.jpg\" alt=\"\" width=\"150\" height=\"212\" \/><\/a>\u00a0<a href=\"https:\/\/www.loqueleo.com\/es\/uploads\/2018\/10\/carteles-gianni-rodari.pdf\" target=\"_blank\" rel=\"noopener noreferrer\"><img loading=\"lazy\" decoding=\"async\" src=\"https:\/\/www.loqueleo.com\/es\/uploads\/2020\/02\/poster-gianni-rodari-04-peq.jpg\" alt=\"\" width=\"150\" height=\"212\" \/><\/a><\/li>\n<li><span style=\"font-size: 20px\"><em>Cuento <a href=\"https:\/\/www.youtube.com\/watch?v=wrP00GkPNBs\"><strong>\u00abEl camino que no iba a ninguna parte\u00bb<\/strong> (Beatriz Montero)<\/a><\/em><\/span><\/li>\n<\/ul>\n\n<!-- iframe plugin v.6.0 wordpress.org\/plugins\/iframe\/ -->\n<iframe loading=\"lazy\" width=\"588\" height=\"331\" src=\"https:\/\/www.youtube.com\/embed\/wrP00GkPNBs\" scrolling=\"yes\" class=\"iframe-class\" frameborder=\"0\"><\/iframe>\n\n<ul>\n<li><span style=\"font-size: 20px\"><em>Biograf\u00eda:<\/em><\/span><\/li>\n<\/ul>\n\n<!-- iframe plugin v.6.0 wordpress.org\/plugins\/iframe\/ -->\n<iframe loading=\"lazy\" width=\"588\" height=\"331\" src=\"https:\/\/www.youtube.com\/embed\/GsbMUh23o60\" scrolling=\"yes\" class=\"iframe-class\" frameborder=\"0\"><\/iframe>\n\n<ul>\n<li><a href=\"https:\/\/www.aldealibros.com\/libros-y-recopilatorios-de-gianni-rodari\/\"><em><span style=\"font-size: 20px\">Libros y recopilatorios<\/span><\/em><\/a><\/li>\n<li><a href=\"https:\/\/librosgeniales.com\/ebooks\/cuentos-para-jugar-gianni-rodari\/\"><span style=\"font-size: 20px\">Descargues pdf\/ePub<\/span><\/a><\/li>\n<\/ul>\n<p>&nbsp;<\/p>\n<p>&nbsp;<\/p>\n","protected":false},"excerpt":{"rendered":"<p>GIANNI RODARI (23 d&#8217;ochobre de 1920 \u2013 14 d&#8217;abril de 1980, Italia) Autor indispensable na lliteratura infantil del sieglu XX.\u00a0 Maestru, escritor, escomulg\u00e1u por \u201cexseminarista convert\u00edu en diab\u00f3licu\u201d, militante, periodista, censur\u00e1u, un imaxinador. Toles cares d&#8217;un ceador de mundos para la ni\u00f1ez, que critic\u00f3 duramente la escuela tradicional\u201d desenvolviendo una perspectiva dafechu renovadora tocantes a [&hellip;]<\/p>\n","protected":false},"author":117,"featured_media":0,"comment_status":"closed","ping_status":"open","sticky":false,"template":"","format":"standard","meta":{"footnotes":""},"categories":[6,10],"tags":[],"class_list":["post-1149","post","type-post","status-publish","format-standard","hentry","category-dia-de","category-llibros-reciella"],"_links":{"self":[{"href":"https:\/\/edublog.educastur.es\/ixuxu\/wp-json\/wp\/v2\/posts\/1149","targetHints":{"allow":["GET"]}}],"collection":[{"href":"https:\/\/edublog.educastur.es\/ixuxu\/wp-json\/wp\/v2\/posts"}],"about":[{"href":"https:\/\/edublog.educastur.es\/ixuxu\/wp-json\/wp\/v2\/types\/post"}],"author":[{"embeddable":true,"href":"https:\/\/edublog.educastur.es\/ixuxu\/wp-json\/wp\/v2\/users\/117"}],"replies":[{"embeddable":true,"href":"https:\/\/edublog.educastur.es\/ixuxu\/wp-json\/wp\/v2\/comments?post=1149"}],"version-history":[{"count":9,"href":"https:\/\/edublog.educastur.es\/ixuxu\/wp-json\/wp\/v2\/posts\/1149\/revisions"}],"predecessor-version":[{"id":1157,"href":"https:\/\/edublog.educastur.es\/ixuxu\/wp-json\/wp\/v2\/posts\/1149\/revisions\/1157"}],"wp:attachment":[{"href":"https:\/\/edublog.educastur.es\/ixuxu\/wp-json\/wp\/v2\/media?parent=1149"}],"wp:term":[{"taxonomy":"category","embeddable":true,"href":"https:\/\/edublog.educastur.es\/ixuxu\/wp-json\/wp\/v2\/categories?post=1149"},{"taxonomy":"post_tag","embeddable":true,"href":"https:\/\/edublog.educastur.es\/ixuxu\/wp-json\/wp\/v2\/tags?post=1149"}],"curies":[{"name":"wp","href":"https:\/\/api.w.org\/{rel}","templated":true}]}}