{"id":11664,"date":"2021-12-06T10:00:11","date_gmt":"2021-12-06T08:00:11","guid":{"rendered":"https:\/\/edublog.educastur.es\/ixuxu\/?p=11664"},"modified":"2021-12-07T19:36:06","modified_gmt":"2021-12-07T17:36:06","slug":"porrua-y-el-ritual-desbillar-el-maiz","status":"publish","type":"post","link":"https:\/\/edublog.educastur.es\/ixuxu\/2021\/12\/porrua-y-el-ritual-desbillar-el-maiz\/","title":{"rendered":"Porr\u00faa y el ritual d&#8217;esbillar el ma\u00edz"},"content":{"rendered":"<p><a href=\"https:\/\/www.elfielato.es\/media\/elfielato\/images\/2021\/12\/06\/2021120620381411896.jpg\"><img loading=\"lazy\" decoding=\"async\" class=\"alignnone\" src=\"https:\/\/www.elfielato.es\/media\/elfielato\/images\/2021\/12\/06\/2021120620381411896.jpg\" alt=\"\" width=\"1000\" height=\"653\" \/><\/a><\/p>\n<ul>\n<li><a href=\"https:\/\/www.elfielato.es\/articulo\/comarca-picos-de-europa\/porrua-ritual-esbillar-maiz\/20211206110132036510.html?fbclid=IwAR2CY8b0-u4pb62Fh9HGEkPmm3yV1m1DPlxp77bZc29Pit3iSpQiCOq7Zgk\">Fonte: El Fielato<\/a><\/li>\n<\/ul>\n<p><span style=\"color: #008080\">Coyer, escoyer, faer gaviella, esbillar, apurrir, enriestrar\u2026<\/span> Fueron llabores acomu\u00f1aos a la recoyida del ma\u00edz, la cebera que tiempu tras sirvi\u00f3 para quitar la fame a decenes de families. En Porr\u00faa (Llanes) son t\u00e9rminos bien comunes qu&#8217;en poques cases escaecieron.<\/p>\n<p><!--more--><\/p>\n<p style=\"text-align: center\">\n<!-- iframe plugin v.6.0 wordpress.org\/plugins\/iframe\/ -->\n<iframe loading=\"lazy\" width=\"100%\" height=\"395\" src=\"https:\/\/www.youtube.com\/embed\/W-WUQY5AK0c\" 0=\"\/iframe\" scrolling=\"yes\" class=\"iframe-class\" frameborder=\"0\"><\/iframe>\n<\/p>\n<p><a href=\"https:\/\/www.youtube.com\/watch?v=W-WUQY5AK0c\">Videu<\/a>. Y por que nun s\u00edan nam\u00e1 palabres acomu\u00f1aes a los llabores de padres y g\u00fcelos, esta fin de selmana dende l&#8217;<span style=\"color: #008080\"><strong>Asociaci\u00f3n Cultural Llac\u00edn<\/strong> <\/span>decidieron da-yos tol so sent\u00edu y poneles en pr\u00e1ctica. Porque nun hai meyor manera de reconocer la realid\u00e1 que vivi\u00e9ndola.<\/p>\n<blockquote><p><span style=\"font-size: 14px\"><em>Ye interes\u00e1u como&#8217;l tiempu apacigua los sentimientos<br \/>\ny lo qu&#8217;un d\u00eda yera una xera trabayosa,<br \/>\ng\u00fcei ye daqu\u00e9 que nun quieren escaecer.<\/em><\/span><\/p><\/blockquote>\n<p style=\"text-align: center\"><img loading=\"lazy\" decoding=\"async\" class=\"alignnone size-medium\" src=\"https:\/\/external.fmad7-1.fna.fbcdn.net\/safe_image.php?d=AQHCrB6ZecDHRZDH&amp;w=500&amp;h=261&amp;url=https%3A%2F%2Fwww.elfielato.es%2Fmedia%2Felfielato%2Fimages%2F2021%2F12%2F06%2F2021120620381576112.jpg&amp;cfs=1&amp;ext=jpg&amp;_nc_oe=6f2bc&amp;_nc_sid=06c271&amp;ccb=3-5&amp;_nc_hash=AQFScfnJjEV5U0AK\" width=\"500\" height=\"261\" \/><\/p>\n<p>Nun fai tantos a\u00f1os, los vecinos xun\u00edense para ayudar a la familia que nesi momentu tuviera recoyendo la collecha. Primero diben a la tierra a cortar y coyer, dempu\u00e9s escoy\u00eden d&#8217;aquellos panizos les panoyes, depu\u00e9s les muyeres quit\u00e1ben-yos gran parte de les fueyes hasta dexar la cebera estena con nam\u00e1 tr\u00e9s o cuatro de les sos fueyes vueltes escontra tras. Terminada aquel llabor, metinlo en carpanchos, y los peque\u00f1os averaos a los grandes, siempres homes, por que, vali\u00e9ndose d&#8217;un alambre central, dir ensobi\u00e1ndoles hasta dexar una columna bien cargada de ma\u00edz, la riestra.<\/p>\n<p>Aquello ensugar\u00eda nel desv\u00e1n o nel horru, quien lo tuviera, y una vegada llistu, sirvir\u00eda para faer farina de la que se fadr\u00eden tortos, borones y otros platos que xunto coles fabes y les pataques fueron el sustentu mientres tantos a\u00f1os\u2026<\/p>\n<p>Nun hubo nin un solu pasu qu&#8217;esta fin de selmana nun se diera en Porr\u00faa. Con muyeres, ne\u00f1os y homes. Cada unu cumpliendo la so misi\u00f3n. Pero con tintes distintos a los d&#8217;antes. Porque agora nun ye un trabayu, ye una tradici\u00f3n que los porruanos empe\u00f1ense en caltener. Y ye que nada meyor que recordar d&#8217;\u00f3nde venimos, pa saber qui\u00e9n somos. Y naide meyor qu&#8217;un porruano pa convertir una tradici\u00f3n en cultura.<\/p>\n","protected":false},"excerpt":{"rendered":"<p>Fonte: El Fielato Coyer, escoyer, faer gaviella, esbillar, apurrir, enriestrar\u2026 Fueron llabores acomu\u00f1aos a la recoyida del ma\u00edz, la cebera que tiempu tras sirvi\u00f3 para quitar la fame a decenes de families. En Porr\u00faa (Llanes) son t\u00e9rminos bien comunes qu&#8217;en poques cases escaecieron.<\/p>\n","protected":false},"author":117,"featured_media":0,"comment_status":"open","ping_status":"open","sticky":false,"template":"","format":"standard","meta":{"footnotes":""},"categories":[113],"tags":[],"class_list":["post-11664","post","type-post","status-publish","format-standard","hentry","category-tradiciones"],"_links":{"self":[{"href":"https:\/\/edublog.educastur.es\/ixuxu\/wp-json\/wp\/v2\/posts\/11664","targetHints":{"allow":["GET"]}}],"collection":[{"href":"https:\/\/edublog.educastur.es\/ixuxu\/wp-json\/wp\/v2\/posts"}],"about":[{"href":"https:\/\/edublog.educastur.es\/ixuxu\/wp-json\/wp\/v2\/types\/post"}],"author":[{"embeddable":true,"href":"https:\/\/edublog.educastur.es\/ixuxu\/wp-json\/wp\/v2\/users\/117"}],"replies":[{"embeddable":true,"href":"https:\/\/edublog.educastur.es\/ixuxu\/wp-json\/wp\/v2\/comments?post=11664"}],"version-history":[{"count":7,"href":"https:\/\/edublog.educastur.es\/ixuxu\/wp-json\/wp\/v2\/posts\/11664\/revisions"}],"predecessor-version":[{"id":11671,"href":"https:\/\/edublog.educastur.es\/ixuxu\/wp-json\/wp\/v2\/posts\/11664\/revisions\/11671"}],"wp:attachment":[{"href":"https:\/\/edublog.educastur.es\/ixuxu\/wp-json\/wp\/v2\/media?parent=11664"}],"wp:term":[{"taxonomy":"category","embeddable":true,"href":"https:\/\/edublog.educastur.es\/ixuxu\/wp-json\/wp\/v2\/categories?post=11664"},{"taxonomy":"post_tag","embeddable":true,"href":"https:\/\/edublog.educastur.es\/ixuxu\/wp-json\/wp\/v2\/tags?post=11664"}],"curies":[{"name":"wp","href":"https:\/\/api.w.org\/{rel}","templated":true}]}}