{"id":11709,"date":"2021-12-07T20:57:13","date_gmt":"2021-12-07T18:57:13","guid":{"rendered":"https:\/\/edublog.educastur.es\/ixuxu\/?p=11709"},"modified":"2021-12-08T12:58:25","modified_gmt":"2021-12-08T10:58:25","slug":"respirar-vs-alendar","status":"publish","type":"post","link":"https:\/\/edublog.educastur.es\/ixuxu\/2021\/12\/respirar-vs-alendar\/","title":{"rendered":"Respirar y alendar conscientemente&#8230;"},"content":{"rendered":"<p style=\"text-align: center\"><a href=\"https:\/\/www.xlsemanal.com\/wp-content\/uploads\/sites\/3\/2013\/04\/respirar-conocer-salud-aprender.jpg\"><img loading=\"lazy\" decoding=\"async\" class=\"alignnone\" src=\"https:\/\/www.xlsemanal.com\/wp-content\/uploads\/sites\/3\/2013\/04\/respirar-conocer-salud-aprender.jpg\" alt=\"\" width=\"609\" height=\"406\" \/><\/a><\/p>\n<p>D\u00edcese de l&#8217;acci\u00f3n natural y bonal d&#8217;intercambiar gases col ambiente &#8211; os\u00edxenu y di\u00f3xidu de carbonu- que lleven a cabo tolos seres aerobios col prop\u00f3situ de llograr enerx\u00eda y sobrevivir.<\/p>\n<ul>\n<li><em><span style=\"color: #008080\"><strong>Respirar<\/strong><\/span><\/em>: <a href=\"https:\/\/dle.rae.es\/respirar\">RAE<\/a> \/ <a href=\"https:\/\/es.wikipedia.org\/wiki\/Respiraci%C3%B3n\">Respiraci\u00f3n<\/a> \/ <a href=\"https:\/\/www.google.com\/search?q=respiracion&amp;client=firefox-b-d&amp;sxsrf=AOaemvLERzZYgwvUYwBiN1OR_FhUhMsS7A:1638961032354&amp;source=lnms&amp;tbm=isch&amp;sa=X&amp;ved=2ahUKEwjB-IjRhdT0AhWSsaQKHQ7DBcUQ_AUoAXoECAIQAw&amp;biw=1536&amp;bih=739&amp;dpr=1.25\">semeyes<\/a> \/<\/li>\n<\/ul>\n<p><!--more--><\/p>\n<p style=\"text-align: center\"><a href=\"https:\/\/upload.wikimedia.org\/wikipedia\/commons\/thumb\/f\/fc\/Brustraum-lunge-herz-leber-br01.jpg\/1280px-Brustraum-lunge-herz-leber-br01.jpg\"><img loading=\"lazy\" decoding=\"async\" class=\"alignnone\" src=\"https:\/\/upload.wikimedia.org\/wikipedia\/commons\/thumb\/f\/fc\/Brustraum-lunge-herz-leber-br01.jpg\/1280px-Brustraum-lunge-herz-leber-br01.jpg\" alt=\"\" width=\"639\" height=\"479\" \/><\/a><\/p>\n<ul>\n<li><a href=\"https:\/\/www.xlsemanal.com\/estilo\/20130407\/aprenda-respirar-facil-5082.html\">XL Semanal: Aprende a respirar<\/a><\/li>\n<li><a href=\"https:\/\/conexion20.editorialaces.com\/que-lindo-es-respirar\/\">Qu\u00e9 lindo es respirar<\/a><\/li>\n<\/ul>\n<p>Toles criatures d&#8217;esti planeta ALIENDEN y, movides pola intelixencia universal, \u00abremanen\u00bb en favor de la evoluci\u00f3n. Facenlo, pero nun saben que lo faen. L&#8217;humanu s\u00ed.<\/p>\n<p>L&#8217;humanu ye l&#8217;\u00fanicu ser -conoc\u00edu- que sabe que lo fai. Y am\u00e1s, tien la capacid\u00e1 de ser consciente: sabe que sabe que lo fai. Tien ese privilexo.<br \/>\nPero en llugar d&#8217;utilizar esa capacid\u00e1 para CONFIAR, relaxase y maraviase cola VIDA, enred\u00f3se nes sos idees, crey\u00f3se un yo\u00bb, sobeyosu y vanidosu, y piensa que va por llibre, al marxe de la intelixencia universal.<\/p>\n<p>D&#8217;esta miente, cay\u00f3 na inconsciencia. Y agora, siendo un ser consciente, volvi\u00f3se inconsciente de que ye consciente. Resulta que ye consciente de que sabe que sabe pero nun recuerda que ye consciente de que sabe que sabe.<\/p>\n<p>Asina, la \u00fanica forma de recuperase\u00bb ye volver date cuenta d&#8217;ALENDAR.<\/p>\n<p>Alendando conscientemente, vas poder ser consciente de c\u00f3mo caes una y otra vez na inconsciencia &#8211; reacci\u00f3n, compulsi\u00f3n y automatismu-. Pero, siquier, vas ser consciente de que yes un inconsciente -que y\u00e1 ye enforma-.<\/p>\n<p>Si sigues ALENDANDO, vas empezar a VER la to inconsciencia cada vez m\u00e1s clara y l&#8217;inconsciencia<br \/>\nva empezar a eslleise, solo pol pix\u00edn fechu de VELA y dexala ensin xulgala.<br \/>\nSi sigues ALENDANDO, vas dir siendo consciente de que tas siendo consciente. Cada vez m\u00e1s.<br \/>\nSi sigues ALENDANDO, probablemente, vas acabar siendo altamente consciente de que yes consciente y podr\u00e1s sostener gran parte del d\u00eda, anque de xemes en cuando, vas siguir cayendo na inconsciencia &#8211; cuesa que va siguir siendo natural-.<\/p>\n<p>Y si sigues alendando, vas acabar integrando lo que siempres fuisti: un ser consciente, bonal y natural, prepar\u00e1u y llistu pa VIVIR.<br \/>\nEnt\u00f3s, la to propia sabidur\u00eda va faer que te marav\u00edes cola guapura de la VIDA, siendo consciente de que yes consciente de que lo faes.<\/p>\n<p style=\"text-align: center\">\n<!-- iframe plugin v.6.0 wordpress.org\/plugins\/iframe\/ -->\n<iframe loading=\"lazy\" src=\"https:\/\/www.facebook.com\/plugins\/post.php?href=https%3A%2F%2Fwww.facebook.com%2Frafamotapersonalcoach%2Fposts%2F448806633265516&#038;show_text=true&#038;width=500\" width=\"500\" height=\"718\" style=\"border:none;overflow:hidden\" scrolling=\"no\" frameborder=\"0\" allowfullscreen=\"true\" allow=\"autoplay; clipboard-write; encrypted-media; picture-in-picture; web-share\" 0=\"\/iframe\" class=\"iframe-class\"><\/iframe>\n<\/p>\n<p style=\"text-align: center\"><a href=\"https:\/\/s1.significados.com\/foto\/sistema-respiratorio.jpg\"><img loading=\"lazy\" decoding=\"async\" class=\"alignnone\" src=\"https:\/\/s1.significados.com\/foto\/sistema-respiratorio.jpg\" alt=\"\" width=\"1080\" height=\"1080\" \/><\/a><\/p>\n","protected":false},"excerpt":{"rendered":"<p>D\u00edcese de l&#8217;acci\u00f3n natural y bonal d&#8217;intercambiar gases col ambiente &#8211; os\u00edxenu y di\u00f3xidu de carbonu- que lleven a cabo tolos seres aerobios col prop\u00f3situ de llograr enerx\u00eda y sobrevivir. Respirar: RAE \/ Respiraci\u00f3n \/ semeyes \/<\/p>\n","protected":false},"author":117,"featured_media":0,"comment_status":"open","ping_status":"open","sticky":false,"template":"","format":"standard","meta":{"footnotes":""},"categories":[25],"tags":[],"class_list":["post-11709","post","type-post","status-publish","format-standard","hentry","category-curiosidaes"],"_links":{"self":[{"href":"https:\/\/edublog.educastur.es\/ixuxu\/wp-json\/wp\/v2\/posts\/11709","targetHints":{"allow":["GET"]}}],"collection":[{"href":"https:\/\/edublog.educastur.es\/ixuxu\/wp-json\/wp\/v2\/posts"}],"about":[{"href":"https:\/\/edublog.educastur.es\/ixuxu\/wp-json\/wp\/v2\/types\/post"}],"author":[{"embeddable":true,"href":"https:\/\/edublog.educastur.es\/ixuxu\/wp-json\/wp\/v2\/users\/117"}],"replies":[{"embeddable":true,"href":"https:\/\/edublog.educastur.es\/ixuxu\/wp-json\/wp\/v2\/comments?post=11709"}],"version-history":[{"count":7,"href":"https:\/\/edublog.educastur.es\/ixuxu\/wp-json\/wp\/v2\/posts\/11709\/revisions"}],"predecessor-version":[{"id":11782,"href":"https:\/\/edublog.educastur.es\/ixuxu\/wp-json\/wp\/v2\/posts\/11709\/revisions\/11782"}],"wp:attachment":[{"href":"https:\/\/edublog.educastur.es\/ixuxu\/wp-json\/wp\/v2\/media?parent=11709"}],"wp:term":[{"taxonomy":"category","embeddable":true,"href":"https:\/\/edublog.educastur.es\/ixuxu\/wp-json\/wp\/v2\/categories?post=11709"},{"taxonomy":"post_tag","embeddable":true,"href":"https:\/\/edublog.educastur.es\/ixuxu\/wp-json\/wp\/v2\/tags?post=11709"}],"curies":[{"name":"wp","href":"https:\/\/api.w.org\/{rel}","templated":true}]}}