{"id":11766,"date":"2021-12-08T09:05:11","date_gmt":"2021-12-08T07:05:11","guid":{"rendered":"https:\/\/edublog.educastur.es\/ixuxu\/?p=11766"},"modified":"2021-12-08T12:24:20","modified_gmt":"2021-12-08T10:24:20","slug":"estau-del-tiempu-miercoles-8-davientu","status":"publish","type":"post","link":"https:\/\/edublog.educastur.es\/ixuxu\/2021\/12\/estau-del-tiempu-miercoles-8-davientu\/","title":{"rendered":"Est\u00e1u del tiempu: Mi\u00e9rcoles 8 d&#8217;avientu"},"content":{"rendered":"<header class=\"entry-header\">\n<div class=\"entry-meta\"><\/div>\n<\/header>\n<div class=\"entry-content\">\n<div class=\"\" dir=\"auto\">\n<div dir=\"auto\"><a href=\"https:\/\/www.facebook.com\/eltiempuenasturies\/\"><img loading=\"lazy\" decoding=\"async\" class=\"aligncenter\" src=\"https:\/\/tinypix.top\/images\/2021\/10\/03\/vIhxi.jpg\" alt=\"\" width=\"196\" height=\"228\" \/><\/a><\/div>\n<div id=\"jsc_c_4h\" class=\"ecm0bbzt hv4rvrfc ihqw7lf3 dati1w0a\" data-ad-comet-preview=\"message\" data-ad-preview=\"message\">\n<div class=\"j83agx80 cbu4d94t ew0dbk1b irj2b8pg\">\n<div class=\"qzhwtbm6 knvmm38d\">\n<div class=\"o9v6fnle cxmmr5t8 oygrvhab hcukyx3x c1et5uql ii04i59q\">\n<div dir=\"auto\"><\/div>\n<ul>\n<li>Fonte noticia: <em><a href=\"https:\/\/www.facebook.com\/eltiempuenasturies\/\"><strong>El Tiempu n\u2019Asturies<\/strong> Facebook<\/a><\/em><\/li>\n<\/ul>\n<div class=\"o9v6fnle cxmmr5t8 oygrvhab hcukyx3x c1et5uql ii04i59q\">\n<div dir=\"auto\">Bonos d\u00edes, bona xente.<\/div>\n<div dir=\"auto\"><\/div>\n<\/div>\n<div class=\"o9v6fnle cxmmr5t8 oygrvhab hcukyx3x c1et5uql ii04i59q\">\n<div dir=\"auto\"><strong><span style=\"color: #008080\">Alborecemos<\/span><\/strong> col cielu cubiertu y xarabatos que son m\u00e1s abondosos na fastera surocidental y na costa con unes temperatures que tan alrodiu de los 6\u00baC, rexistr\u00e1ndose nel puirtu Payares -3,6\u00baC onde ta nevando y se fae obligatoriu l&#8217;usu de cadenes o neum\u00e1ticos d&#8217;iviernu como na prautica totalid\u00e1 de los puertos de la met\u00e1 ocidental d&#8217;Asturies, tando pesllaos Lleitariegos y el Connio.<\/div>\n<\/div>\n<div dir=\"auto\"><!--more--><\/div>\n<div class=\"o9v6fnle cxmmr5t8 oygrvhab hcukyx3x c1et5uql ii04i59q\">\n<div dir=\"auto\"><span style=\"color: #008080\"><strong>G\u00fcei<\/strong><\/span> vamos tener xarabatos de calter moder\u00e1u que puen venir acompangaos de truena y xarazu nel llitoral y fastera central, onde sedr\u00e1n m\u00e1s abondosos, am\u00e1s les temperatures van descender bultablemente y la cota de nieve rondar\u00e1 los 500m. L&#8217;aire del oeste-noroeste pue soplar con raches mui fuertes en zones altes ya en puntos del llitoral dex\u00e1ndonos mui mala mar nel Cant\u00e1bricu.<\/div>\n<div dir=\"auto\"><\/div>\n<\/div>\n<div class=\"o9v6fnle cxmmr5t8 oygrvhab hcukyx3x c1et5uql ii04i59q\">\n<div dir=\"auto\"><strong><span style=\"color: #008080\">El pr\u00f3simu riscar<\/span><\/strong> y durante tol d\u00eda de ma\u00f1ana xueves seguiremos con precipitaciones que puen ser abondoses y persistentes sobre too na fastera oriental d&#8217;Asturies con unes temperatures n&#8217;ascensu, asina como de la cota de nieve que pr\u00e1uticamente al mediud\u00eda desaparecer\u00e1 de toa Asturies, situaci\u00f3n que va estendese hasta la ma\u00f1ana del vienres cuando entamar\u00e1n a remitir, desapareciendo pela tarde.<\/div>\n<\/div>\n<div class=\"o9v6fnle cxmmr5t8 oygrvhab hcukyx3x c1et5uql ii04i59q\">\n<div dir=\"auto\"><span style=\"color: #008080\"><strong>El s\u00e1badu<\/strong> <\/span>entov\u00eda pue cayer dalguna gotera a primeres hores pero con tendencia a abrise dellos claros y quedar escampl\u00e1u al escurecer, pa dexanos un domingo soleyeru y afayaizu.<\/div>\n<div dir=\"auto\"><\/div>\n<\/div>\n<div class=\"o9v6fnle cxmmr5t8 oygrvhab hcukyx3x c1et5uql ii04i59q\">\n<div dir=\"auto\">Y\u00e1 sab\u00e9is, g\u00fcei muncho precuru cola nieve y ma\u00f1ana col agua y les posibles inundaciones que nun seya por nun avisar.<\/div>\n<\/div>\n<\/div>\n<\/div>\n<\/div>\n<\/div>\n<\/div>\n<\/div>\n<p>&nbsp;<\/p>\n","protected":false},"excerpt":{"rendered":"<p>Fonte noticia: El Tiempu n\u2019Asturies Facebook Bonos d\u00edes, bona xente. Alborecemos col cielu cubiertu y xarabatos que son m\u00e1s abondosos na fastera surocidental y na costa con unes temperatures que tan alrodiu de los 6\u00baC, rexistr\u00e1ndose nel puirtu Payares -3,6\u00baC onde ta nevando y se fae obligatoriu l&#8217;usu de cadenes o neum\u00e1ticos d&#8217;iviernu como na [&hellip;]<\/p>\n","protected":false},"author":117,"featured_media":0,"comment_status":"open","ping_status":"open","sticky":false,"template":"","format":"standard","meta":{"footnotes":""},"categories":[5],"tags":[],"class_list":["post-11766","post","type-post","status-publish","format-standard","hentry","category-tiempu"],"_links":{"self":[{"href":"https:\/\/edublog.educastur.es\/ixuxu\/wp-json\/wp\/v2\/posts\/11766","targetHints":{"allow":["GET"]}}],"collection":[{"href":"https:\/\/edublog.educastur.es\/ixuxu\/wp-json\/wp\/v2\/posts"}],"about":[{"href":"https:\/\/edublog.educastur.es\/ixuxu\/wp-json\/wp\/v2\/types\/post"}],"author":[{"embeddable":true,"href":"https:\/\/edublog.educastur.es\/ixuxu\/wp-json\/wp\/v2\/users\/117"}],"replies":[{"embeddable":true,"href":"https:\/\/edublog.educastur.es\/ixuxu\/wp-json\/wp\/v2\/comments?post=11766"}],"version-history":[{"count":1,"href":"https:\/\/edublog.educastur.es\/ixuxu\/wp-json\/wp\/v2\/posts\/11766\/revisions"}],"predecessor-version":[{"id":11767,"href":"https:\/\/edublog.educastur.es\/ixuxu\/wp-json\/wp\/v2\/posts\/11766\/revisions\/11767"}],"wp:attachment":[{"href":"https:\/\/edublog.educastur.es\/ixuxu\/wp-json\/wp\/v2\/media?parent=11766"}],"wp:term":[{"taxonomy":"category","embeddable":true,"href":"https:\/\/edublog.educastur.es\/ixuxu\/wp-json\/wp\/v2\/categories?post=11766"},{"taxonomy":"post_tag","embeddable":true,"href":"https:\/\/edublog.educastur.es\/ixuxu\/wp-json\/wp\/v2\/tags?post=11766"}],"curies":[{"name":"wp","href":"https:\/\/api.w.org\/{rel}","templated":true}]}}