{"id":11792,"date":"2021-12-07T10:00:49","date_gmt":"2021-12-07T08:00:49","guid":{"rendered":"https:\/\/edublog.educastur.es\/ixuxu\/?p=11792"},"modified":"2021-12-08T13:14:44","modified_gmt":"2021-12-08T11:14:44","slug":"la-lluna-va-alliniase-con-xupiter-venus-y-saturno-nestos-dies","status":"publish","type":"post","link":"https:\/\/edublog.educastur.es\/ixuxu\/2021\/12\/la-lluna-va-alliniase-con-xupiter-venus-y-saturno-nestos-dies\/","title":{"rendered":"La Lluna va alliniase con X\u00fapiter, Venus y Saturno nestos d\u00edes"},"content":{"rendered":"<p style=\"text-align: left\"><a href=\"https:\/\/ecoosfera.com\/wp-content\/imagenes\/2021\/12\/luna-alineacion-planetas-jupiter-venus-saturno-cosmos.07-12-2021.cosmos-1536x864.jpg\"><img loading=\"lazy\" decoding=\"async\" class=\"alignnone\" src=\"https:\/\/ecoosfera.com\/wp-content\/imagenes\/2021\/12\/luna-alineacion-planetas-jupiter-venus-saturno-cosmos.07-12-2021.cosmos-1536x864.jpg\" alt=\"\" width=\"1536\" height=\"864\" \/><\/a>La Lluna va tener una alliniaci\u00f3n con X\u00fapiter, Venus y Saturno, a g\u00fceyu podr\u00e1 vese a los planetes destellantes xusto al llau del sat\u00e9lite natural.<\/p>\n<ul>\n<li><a href=\"https:\/\/ecoosfera.com\/luna-alineacion-planetas-jupiter-venus-saturno-como-cuando-ver\/\">Fonte noticia: Ecoosfera<\/a><\/li>\n<\/ul>\n<p><!--more--><\/p>\n<p>Si hai una d\u00f3mina del a\u00f1u onde los eventos astron\u00f3micos algamen el so puntu m\u00e1s \u00e1lxido, esa ye a finales d&#8217;a\u00f1u. Pero esti final de 2021 tuvo apin\u00e1u d&#8217;eventos estraordinarios que travesaron pola b\u00f3veda celeste, dende eclises llunares y cortiles, hasta avistamientos de cometes. Sicas\u00ed, inda nun termina y el cielu reg\u00e1lanos una alliniaci\u00f3n de la Lluna con tr\u00e9s planetes, X\u00fapiter, Venus y Saturno. Podr\u00e1 vese a g\u00fceyu, mientres tr\u00e9s nueches consecutives y ensin necesid\u00e1 de preseos d&#8217;observaci\u00f3n, nam\u00e1 tienes de mirar escontra&#8217;l cielu na fecha y hora indicaes.<\/p>\n<p><strong>\u00bfQu\u00e9 ye una alliniaci\u00f3n ente planetes?<\/strong><\/p>\n<p>Dende la perspectiva terrestre, esiste un cam\u00edn pol que traviesen los astros celestiales y por onde tami\u00e9n desfilen les dolce constelaciones zodiacales.<span style=\"color: #008080\"><strong> Esti cam\u00edn xune imaxinariamente al este col oeste y ye por onde trescurren tami\u00e9n el Sol y la Lluna.<\/strong> Ll\u00e1mase-y <strong>Ecl\u00edptica<\/strong> y ye xuna ll\u00ednea imaxinaria llixeramente curvada escontra&#8217;l Sur, que traviesa d&#8217;este a oeste&#8217;l firmamentu.<\/span><\/p>\n<p>Si reparamos dende una perspectiva fora de la Tierra, ver\u00edamos imaxinariamente c\u00f3mo la Ecl\u00edptica curtia horizontalmente el Sistema Solar. Ye por esto que cuando la Tierra va amodo xirando sobro la so propia exa, ye al travi\u00e9s d&#8217;esta ll\u00ednea imaxinaria que se mueven tantu l&#8217;Astru Mayor, el sat\u00e9lite natural, pero tami\u00e9n tolos planetes.<\/p>\n<p><span style=\"color: #008080\">Xuna alliniaci\u00f3n o conxunci\u00f3n, asocede cuando dos o m\u00e1s cuerpos celestes pueden reparase xuntos trescurrir pola Ecl\u00edptica.<\/span> Esto ye, hai que pensar que los planetes t\u00e1n a millones de kil\u00f3metros de n\u00f3s y cada unu tien un periodu de traslaci\u00f3n distintu al de la Tierra, nun ye d&#8217;esperase que siempres podamos reparalos xuntos nel firmamentu y muncho menos tan abargana de la Lluna.<\/p>\n<p><strong>Cu\u00e1ndo ver l&#8217;alliniaci\u00f3n de la Lluna colos tr\u00e9s planetes.<\/strong> <span style=\"color: #008080\">Ente&#8217;l 6 y 8 d&#8217;avientu podr\u00e1 reparase l&#8217;alliniaci\u00f3n, tami\u00e9n llamada conxunci\u00f3n, de la Lluna colos planetes X\u00fapiter, Venus y Saturno<\/span>. El primeru n&#8217;averase al sat\u00e9lite natural va ser Venus, cuando la Lluna se coloque a tan solo 1\u00b052\u2019 al sur del planeta esti 6 d&#8217;avientu.<\/p>\n<p>Saturno va ser el segundu en desfilar pola Ecl\u00edptica bien cercanu a la Lluna, esti 7 d&#8217;avientu de 2021. va averase a la Lluna con apenes 4\u00b011\u2019 escontra&#8217;l sur. Y finalmente va llegar la vez de X\u00fapiter, la Lluna va allugar a 4\u00b028\u2019 al sur del xigante anillado.<\/p>\n<p style=\"text-align: center\"><a href=\"https:\/\/ecoosfera.com\/wp-content\/imagenes\/2021\/12\/luna-planetas-alineacion.07-12-2021.cosmos.jpg\"><img loading=\"lazy\" decoding=\"async\" class=\"alignnone\" src=\"https:\/\/ecoosfera.com\/wp-content\/imagenes\/2021\/12\/luna-planetas-alineacion.07-12-2021.cosmos.jpg\" alt=\"\" width=\"1200\" height=\"700\" \/><\/a><\/p>\n<p>C\u00f3mo ver esti fen\u00f3menu nel cielu. Como espliquemos m\u00e1s arriba, <span style=\"color: #008080\">la Ecl\u00edptica ye&#8217;l puntu de referencia m\u00e1s grande pa reparar esti tipu de fen\u00f3menos<\/span>. Va Ser bien senciellu reparar les alliniaciones, nam\u00e1 tien de mirar escontra la b\u00f3veda celeste nos d\u00edes indicaos. Una vegada que&#8217;l Sol punx\u00e9rase y la Lluna asome pol este, hai que siguir la so trayectoria d&#8217;este a oeste. El puntu m\u00e1s brillosu xuntu al sat\u00e9lite natural va ser X\u00fapiter, Venus o Saturno, dependiendo de la fecha en que mire&#8217;l fen\u00f3menu.<\/p>\n","protected":false},"excerpt":{"rendered":"<p>La Lluna va tener una alliniaci\u00f3n con X\u00fapiter, Venus y Saturno, a g\u00fceyu podr\u00e1 vese a los planetes destellantes xusto al llau del sat\u00e9lite natural. Fonte noticia: Ecoosfera<\/p>\n","protected":false},"author":117,"featured_media":0,"comment_status":"open","ping_status":"open","sticky":false,"template":"","format":"standard","meta":{"footnotes":""},"categories":[5],"tags":[],"class_list":["post-11792","post","type-post","status-publish","format-standard","hentry","category-tiempu"],"_links":{"self":[{"href":"https:\/\/edublog.educastur.es\/ixuxu\/wp-json\/wp\/v2\/posts\/11792","targetHints":{"allow":["GET"]}}],"collection":[{"href":"https:\/\/edublog.educastur.es\/ixuxu\/wp-json\/wp\/v2\/posts"}],"about":[{"href":"https:\/\/edublog.educastur.es\/ixuxu\/wp-json\/wp\/v2\/types\/post"}],"author":[{"embeddable":true,"href":"https:\/\/edublog.educastur.es\/ixuxu\/wp-json\/wp\/v2\/users\/117"}],"replies":[{"embeddable":true,"href":"https:\/\/edublog.educastur.es\/ixuxu\/wp-json\/wp\/v2\/comments?post=11792"}],"version-history":[{"count":3,"href":"https:\/\/edublog.educastur.es\/ixuxu\/wp-json\/wp\/v2\/posts\/11792\/revisions"}],"predecessor-version":[{"id":11795,"href":"https:\/\/edublog.educastur.es\/ixuxu\/wp-json\/wp\/v2\/posts\/11792\/revisions\/11795"}],"wp:attachment":[{"href":"https:\/\/edublog.educastur.es\/ixuxu\/wp-json\/wp\/v2\/media?parent=11792"}],"wp:term":[{"taxonomy":"category","embeddable":true,"href":"https:\/\/edublog.educastur.es\/ixuxu\/wp-json\/wp\/v2\/categories?post=11792"},{"taxonomy":"post_tag","embeddable":true,"href":"https:\/\/edublog.educastur.es\/ixuxu\/wp-json\/wp\/v2\/tags?post=11792"}],"curies":[{"name":"wp","href":"https:\/\/api.w.org\/{rel}","templated":true}]}}