{"id":11814,"date":"2021-12-04T10:00:02","date_gmt":"2021-12-04T08:00:02","guid":{"rendered":"https:\/\/edublog.educastur.es\/ixuxu\/?p=11814"},"modified":"2021-12-08T14:19:51","modified_gmt":"2021-12-08T12:19:51","slug":"campana-yes-movimientu","status":"publish","type":"post","link":"https:\/\/edublog.educastur.es\/ixuxu\/2021\/12\/campana-yes-movimientu\/","title":{"rendered":"Campa\u00f1a: \u00abYes movimientu\u00bb promocionar l\u2019activid\u00e1 f\u00edsica ente la poblaci\u00f3n infantil y mozo."},"content":{"rendered":"<p style=\"text-align: center\"><a href=\"https:\/\/tinypix.top\/images\/2021\/12\/08\/SO9Kr.jpg\"><img loading=\"lazy\" decoding=\"async\" class=\"alignnone\" src=\"https:\/\/tinypix.top\/images\/2021\/12\/08\/SO9Kr.jpg\" alt=\"\" width=\"519\" height=\"519\" \/><\/a><\/p>\n<p>&nbsp;<\/p>\n<ul>\n<li><a href=\"https:\/\/politicallinguistica.asturias.es\/documents\/71052\/116825\/Yes+Movimientu+%281%29.jpg\/c685bb3f-78a9-d00e-6385-b45c1761dd6b?t=1638518682530\">Imaxen<\/a> \/<a href=\"https:\/\/politicallinguistica.asturias.es\/-\/cultura-impulsa-la-campa-c3-b1a-c2-abyes-movimientu\/es-movemento-c2-bb-pa-promocionar-l-activid-c3-a1-f-c3-adsica-ente-la-poblaci-c3-b3n-infantil-y-mozo?redirect=%2F&amp;fbclid=IwAR3Z3C0Su_7vfXfqotXbj0RJFhQJw4rWs0TEPZ2zX8e5pQHNdOw_Sht3ZJE\"> Pol\u00edtica Lling\u00fc\u00edstica<\/a> \/ <a href=\"https:\/\/www.facebook.com\/selmana.lletresasturianes\">Facebook<\/a><\/li>\n<\/ul>\n<div class=\"\" dir=\"auto\">\n<div id=\"jsc_c_1nh\" class=\"ecm0bbzt hv4rvrfc ihqw7lf3 dati1w0a\" data-ad-comet-preview=\"message\" data-ad-preview=\"message\">\n<div class=\"j83agx80 cbu4d94t ew0dbk1b irj2b8pg\">\n<div class=\"qzhwtbm6 knvmm38d\">\n<div class=\"kvgmc6g5 cxmmr5t8 oygrvhab hcukyx3x c1et5uql ii04i59q\">\n<div dir=\"auto\">Cultura impulsa la campa\u00f1a \u00abYes movimientu\/Es movemento\u00bb <span style=\"color: #008080\">pa promocionar l\u2019activid\u00e1 f\u00edsica ente la poblaci\u00f3n infantil y mozo.<\/span><\/div>\n<\/div>\n<div dir=\"auto\"><!--more--><\/div>\n<div class=\"o9v6fnle cxmmr5t8 oygrvhab hcukyx3x c1et5uql ii04i59q\">\n<div dir=\"auto\">La campa\u00f1a, que va tar presente en medios dixitales y mupis, desenvu\u00e9lvese en tr\u00e9s lling\u00fces: en castellanu (\u00abEres movimiento\u00bb), n\u2019asturianu (\u00abYes movimientu\u00bb) y n\u2019eonaviegu (\u00abEs movemento\u00bb).<\/div>\n<\/div>\n<div class=\"o9v6fnle cxmmr5t8 oygrvhab hcukyx3x c1et5uql ii04i59q\">\n<ul>\n<li>M\u00e1s informaci\u00f3n: <a class=\"oajrlxb2 g5ia77u1 qu0x051f esr5mh6w e9989ue4 r7d6kgcz rq0escxv nhd2j8a9 nc684nl6 p7hjln8o kvgmc6g5 cxmmr5t8 oygrvhab hcukyx3x jb3vyjys rz4wbd8a qt6c0cv9 a8nywdso i1ao9s8h esuyzwwr f1sip0of lzcic4wl py34i1dx gpro0wi8\" role=\"link\" href=\"https:\/\/politicallinguistica.asturias.es\/-\/cultura-impulsa-la-campa-c3-b1a-c2-abyes-movimientu\/es-movemento-c2-bb-pa-promocionar-l-activid-c3-a1-f-c3-adsica-ente-la-poblaci-c3-b3n-infantil-y-mozo?redirect=%2F&amp;fbclid=IwAR3Z3C0Su_7vfXfqotXbj0RJFhQJw4rWs0TEPZ2zX8e5pQHNdOw_Sht3ZJE\" target=\"_blank\" rel=\"nofollow noopener\">https:\/\/politicallinguistica.asturias.es\/&#8230;\/es-movemento&#8230;<\/a><\/li>\n<\/ul>\n<p>La Direcci\u00f3n Xeneral de Deporte punxo en marcha la campa\u00f1a <em>Yes movimientu\/Es movemento<\/em>, pa promocionar l&#8217;activid\u00e1 f\u00edsica ente la poblaci\u00f3n xeneral, pero dirixida especialmente a escolares de 6 a 16 a\u00f1os. Les mid\u00edes derivaes de la pandemia del coronavirus amenorgaron notablemente la participaci\u00f3n deportiva n&#8217;\u00e1mbitu escolar, polo qu&#8217;esta iniciativa busca volver incentivala.<\/p>\n<p>Al travi\u00e9s de pol\u00edtiques de prevenci\u00f3n, como la mesma campa\u00f1a, Deporte quier combatir la obesid\u00e1, un importante factor de riesgu pal desenvolvimientu d&#8217;enfermedaes non tresmisibles. L&#8217;escesu de pesu ente la poblaci\u00f3n asturiano\u00a0ye muncho m\u00e1s altu de lo deseable y la so prevalencia tan grande convierte esti fechu nun problema de sal\u00fa p\u00fablica. Esmolez especialmente la presencia de diabetes tipu II y los altos niveles de colesterol, unos rexistros qu&#8217;antes solo se v\u00eden n&#8217;adultos y qu&#8217;agora apaecen de forma frecuente ente ne\u00f1os y ne\u00f1es.<\/p>\n<\/div>\n<div dir=\"auto\"><\/div>\n<\/div>\n<\/div>\n<\/div>\n<\/div>\n<p>&nbsp;<\/p>\n","protected":false},"excerpt":{"rendered":"<p>&nbsp; Imaxen \/ Pol\u00edtica Lling\u00fc\u00edstica \/ Facebook Cultura impulsa la campa\u00f1a \u00abYes movimientu\/Es movemento\u00bb pa promocionar l\u2019activid\u00e1 f\u00edsica ente la poblaci\u00f3n infantil y mozo.<\/p>\n","protected":false},"author":117,"featured_media":0,"comment_status":"open","ping_status":"open","sticky":false,"template":"","format":"standard","meta":{"footnotes":""},"categories":[11,133],"tags":[],"class_list":["post-11814","post","type-post","status-publish","format-standard","hentry","category-campanes","category-deportes"],"_links":{"self":[{"href":"https:\/\/edublog.educastur.es\/ixuxu\/wp-json\/wp\/v2\/posts\/11814","targetHints":{"allow":["GET"]}}],"collection":[{"href":"https:\/\/edublog.educastur.es\/ixuxu\/wp-json\/wp\/v2\/posts"}],"about":[{"href":"https:\/\/edublog.educastur.es\/ixuxu\/wp-json\/wp\/v2\/types\/post"}],"author":[{"embeddable":true,"href":"https:\/\/edublog.educastur.es\/ixuxu\/wp-json\/wp\/v2\/users\/117"}],"replies":[{"embeddable":true,"href":"https:\/\/edublog.educastur.es\/ixuxu\/wp-json\/wp\/v2\/comments?post=11814"}],"version-history":[{"count":5,"href":"https:\/\/edublog.educastur.es\/ixuxu\/wp-json\/wp\/v2\/posts\/11814\/revisions"}],"predecessor-version":[{"id":11819,"href":"https:\/\/edublog.educastur.es\/ixuxu\/wp-json\/wp\/v2\/posts\/11814\/revisions\/11819"}],"wp:attachment":[{"href":"https:\/\/edublog.educastur.es\/ixuxu\/wp-json\/wp\/v2\/media?parent=11814"}],"wp:term":[{"taxonomy":"category","embeddable":true,"href":"https:\/\/edublog.educastur.es\/ixuxu\/wp-json\/wp\/v2\/categories?post=11814"},{"taxonomy":"post_tag","embeddable":true,"href":"https:\/\/edublog.educastur.es\/ixuxu\/wp-json\/wp\/v2\/tags?post=11814"}],"curies":[{"name":"wp","href":"https:\/\/api.w.org\/{rel}","templated":true}]}}