{"id":1183,"date":"2020-11-04T21:00:22","date_gmt":"2020-11-04T19:00:22","guid":{"rendered":"https:\/\/edublog.educastur.es\/ixuxu\/?p=1183"},"modified":"2020-11-05T22:03:51","modified_gmt":"2020-11-05T20:03:51","slug":"asturies-el-paraisu-natural-despana-segun-el-new-york-times","status":"publish","type":"post","link":"https:\/\/edublog.educastur.es\/ixuxu\/2020\/11\/asturies-el-paraisu-natural-despana-segun-el-new-york-times\/","title":{"rendered":"Asturies, \u00abel para\u00edsu natural d&#8217;Espa\u00f1a\u00bb seg\u00fan el New York Times"},"content":{"rendered":"<p><span style=\"font-size: 20px;font-family: trebuchet ms, geneva, sans-serif\">El prest\u00edu peri\u00f3dicu incl\u00fai al Princip\u00e1u na so serie de fotorreportajes<em><strong> \u00abEl mundu al travi\u00e9s d&#8217;una lente\u00bb<\/strong><\/em> para destacar la guapura de los sos paisaxes de monte y mari\u00f1a: <span style=\"color: #008080\">\u00abGan\u00f3se&#8217;l so llamatu de para\u00edsu natural\u00bb<\/span><\/span><\/p>\n<p><span style=\"color: #800000\"><em><span style=\"font-size: 20px\"><a style=\"color: #800000\" href=\"https:\/\/www.lavozdeasturias.es\/noticia\/viral\/2020\/11\/04\/asturias-paraiso-natural-espana-segun-new-york-times\/00031604481989156531627.htm?fbclid=IwAR0-3JjBe7RFgLpqNCJwcyCNSDCtmhXVx5lvJ6O6scId219kowfcpdFyKU8\">Testu de <span class=\"author\"><strong>Esther Rodr\u00edguez<\/strong>; Ver entrada en <strong>La Voz de Asturias&#8230;<\/strong> <\/span><\/a><\/span><\/em><\/span><\/p>\n<p><a href=\"https:\/\/cflvdg.avoz.es\/sc\/n_cXtDA0SHVsjboSx6_hytudh1A=\/x\/2017\/07\/23\/00121500826732042723631\/Foto\/xago1h.jpg\"><img loading=\"lazy\" decoding=\"async\" class=\"alignnone size-full\" src=\"https:\/\/cflvdg.avoz.es\/sc\/n_cXtDA0SHVsjboSx6_hytudh1A=\/x\/2017\/07\/23\/00121500826732042723631\/Foto\/xago1h.jpg\" width=\"980\" height=\"550\" \/><\/a><\/p>\n<p><em><span style=\"font-size: 20px\"><span style=\"color: #008080\">\u00ab\u00bfPrecises un momentu d&#8217;escape? Vea l&#8217;amplit\u00fa de la guapura que ye Asturies, una rex\u00f3n nel noroeste d&#8217;Espa\u00f1a, que cunta con una varied\u00e1 de montes y una mari\u00f1a na so mayor\u00eda virxe, y onde nunca ta llue\u00f1e d&#8217;un g\u00fcertu llenu de verdures\u00bb.<\/span> Asina viende&#8217;l prestixosu peri\u00f3dicu New York Times a Asturies.<\/span><\/em><\/p>\n<p><!--more--><\/p>\n<p><em><span style=\"font-size: 20px\">Nel reportaxe, public\u00e1u na so nueva serie <strong>El mundu al travi\u00e9s d&#8217;una lente<\/strong>, el peri\u00f3dicu estadounidense califica a Asturies como <span style=\"color: #008080\">\u00abel para\u00edsu natural\u00bb d&#8217;Espa\u00f1a.<\/span> Con esta secci\u00f3n, ayuden a tresportar al llector, virtualmente, a dalgunos de los llugares m\u00e1s formosos ya intrigantes del planeta. Nesta ocasi\u00f3n, quixeron amosar a los americanos la guapura d&#8217;Asturies.<\/span><\/em><\/p>\n<p><em><span style=\"font-size: 20px\">El fotorreportaje, realiz\u00e1u am\u00e1s por una asturiana, la fot\u00f3grafa M\u00f3nica R. Goya, ense\u00f1a al completu la esencia del Princip\u00e1u. Una colecci\u00f3n de fotograf\u00edes que dexa conocer a la perfecci\u00f3n tolos rincones y rellabicos del oasis verde. Dende&#8217;l llendo en Somiedu hasta la ellaboraci\u00f3n del quesu nos Picos d&#8217;Europa. Seg\u00fan el llogru de la sidra asturiano, que supon un 80% de la producci\u00f3n nacional.<\/span><\/em><\/p>\n<p><a href=\"https:\/\/pbs.twimg.com\/card_img\/1323203508406026241\/fIjBJyE9?format=jpg&amp;name=small\"><img loading=\"lazy\" decoding=\"async\" class=\"alignnone size-full\" src=\"https:\/\/pbs.twimg.com\/card_img\/1323203508406026241\/fIjBJyE9?format=jpg&amp;name=small\" width=\"679\" height=\"382\" \/><\/a><\/p>\n<p><em><span style=\"font-size: 20px\">Am\u00e1s, Goya esplica les construcciones t\u00edpiques de la rex\u00f3n como pueden ser los teitos, los horros o los castros. Coles mesmes, destaca tami\u00e9n la paleta de colores que pueden apreciase nel Princip\u00e1u. Dende marrones nos montes hasta los azules de les sableres, incluy\u00edos los verdes de los g\u00fcertos llenos de vexetales.<\/span><\/em><\/p>\n<p><em><span style=\"font-size: 20px\">Lo cierto ye qu&#8217;a la publicaci\u00f3n nun-y falta nin el m\u00e1s m\u00ednimu detalle. La fotoperiodista asturiana fadi\u00f3se en faer un percorr\u00edu local en fondura para amosar tal y c\u00f3mo ye Asturies, una<span style=\"color: #008080\"> \u00abtierra de contrastes\u00bb<\/span>. Para ello, acompa\u00f1a les imaxes con informaci\u00f3n sobro costumes y tradiciones del Princip\u00e1u, que, seg\u00fan recuerda, anta\u00f1o foi potencia industrial y minera y agora gan\u00f3se el so llamatu de para\u00edsu natural: un terciu del so territoriu ta g\u00fcei protex\u00edu ambientalmente\u00bb.<\/span><\/em><\/p>\n<p><em><span style=\"font-size: 20px\">La fotoperiodista, qu&#8217;esplica que lleva xuna d\u00e9cada viviendo fora d&#8217;Espa\u00f1a, torn\u00f3 apocay\u00e1 mientres dellos meses y, seg\u00fan cuenta nel reportaxe del New York Times,<span style=\"color: #008080\"> \u00abfoi xuna oportunid\u00e1 \u00fanica pa redescubrir la mio tierra natal\u00bb<\/span>, esfrutar d&#8217;ella y cuntalo nel prestixosu diariu.<\/span><\/em><\/p>\n","protected":false},"excerpt":{"rendered":"<p>El prest\u00edu peri\u00f3dicu incl\u00fai al Princip\u00e1u na so serie de fotorreportajes \u00abEl mundu al travi\u00e9s d&#8217;una lente\u00bb para destacar la guapura de los sos paisaxes de monte y mari\u00f1a: \u00abGan\u00f3se&#8217;l so llamatu de para\u00edsu natural\u00bb Testu de Esther Rodr\u00edguez; Ver entrada en La Voz de Asturias&#8230; \u00ab\u00bfPrecises un momentu d&#8217;escape? Vea l&#8217;amplit\u00fa de la guapura [&hellip;]<\/p>\n","protected":false},"author":117,"featured_media":0,"comment_status":"closed","ping_status":"open","sticky":false,"template":"","format":"standard","meta":{"footnotes":""},"categories":[29,19],"tags":[],"class_list":["post-1183","post","type-post","status-publish","format-standard","hentry","category-articulos","category-asturies"],"_links":{"self":[{"href":"https:\/\/edublog.educastur.es\/ixuxu\/wp-json\/wp\/v2\/posts\/1183","targetHints":{"allow":["GET"]}}],"collection":[{"href":"https:\/\/edublog.educastur.es\/ixuxu\/wp-json\/wp\/v2\/posts"}],"about":[{"href":"https:\/\/edublog.educastur.es\/ixuxu\/wp-json\/wp\/v2\/types\/post"}],"author":[{"embeddable":true,"href":"https:\/\/edublog.educastur.es\/ixuxu\/wp-json\/wp\/v2\/users\/117"}],"replies":[{"embeddable":true,"href":"https:\/\/edublog.educastur.es\/ixuxu\/wp-json\/wp\/v2\/comments?post=1183"}],"version-history":[{"count":3,"href":"https:\/\/edublog.educastur.es\/ixuxu\/wp-json\/wp\/v2\/posts\/1183\/revisions"}],"predecessor-version":[{"id":1186,"href":"https:\/\/edublog.educastur.es\/ixuxu\/wp-json\/wp\/v2\/posts\/1183\/revisions\/1186"}],"wp:attachment":[{"href":"https:\/\/edublog.educastur.es\/ixuxu\/wp-json\/wp\/v2\/media?parent=1183"}],"wp:term":[{"taxonomy":"category","embeddable":true,"href":"https:\/\/edublog.educastur.es\/ixuxu\/wp-json\/wp\/v2\/categories?post=1183"},{"taxonomy":"post_tag","embeddable":true,"href":"https:\/\/edublog.educastur.es\/ixuxu\/wp-json\/wp\/v2\/tags?post=1183"}],"curies":[{"name":"wp","href":"https:\/\/api.w.org\/{rel}","templated":true}]}}