{"id":11845,"date":"2021-12-10T08:50:31","date_gmt":"2021-12-10T06:50:31","guid":{"rendered":"https:\/\/edublog.educastur.es\/ixuxu\/?p=11845"},"modified":"2021-12-11T17:13:09","modified_gmt":"2021-12-11T15:13:09","slug":"11845","status":"publish","type":"post","link":"https:\/\/edublog.educastur.es\/ixuxu\/2021\/12\/11845\/","title":{"rendered":"Declaraci\u00f3n Universal de los Derechos Humanos"},"content":{"rendered":"<p style=\"text-align: center\"><a href=\"https:\/\/tinypix.top\/images\/2021\/12\/11\/SOo9b.jpg\"><img loading=\"lazy\" decoding=\"async\" class=\"alignnone\" src=\"https:\/\/tinypix.top\/images\/2021\/12\/11\/SOo9b.jpg\" alt=\"\" width=\"348\" height=\"425\" \/><\/a><\/p>\n<p>Tal d\u00eda como g\u00fcei de 1948, l&#8217;Asamblea Xeneral de les Naciones Xun\u00edes aprob\u00f3 la <strong><span style=\"color: #008080\">Declaraci\u00f3n Universal de los Derechos Humanos<\/span><\/strong> tres el terrible impactu que caus\u00f3 la Segunda Guerra Mundial.<\/p>\n<ul>\n<li><a href=\"https:\/\/l.facebook.com\/l.php?u=https%3A%2F%2Fwww.loqueleo.com%2Fes%2Fuploads%2F2019%2F10%2F60-aniversario-derechos-infancia-declaracion.pdf%3Ffbclid%3DIwAR1_DwxeMeWLvKkf2MbDVfPI1VG84ZZq0iR6F-daVXsNHkrtUGB9mjoqULg&amp;h=AT072n5rx4QNx94vmxghEY7l3OhPXT9oex-jds1lhr2QS79wwafZOJDZmbFJP--PlXy5Q2PV9MMvFuWF3uWu_pMcxeWOka8OliEUgGuZ3ezzjgjeg7YYYWK1QnBTUr33Eg&amp;__tn__=-UK-y-R&amp;c[0]=AT0opyllYXd9HE8vzLr5JMOSPKrbFgf5tV7ypoPW1rqp8kUalXEUbWznZVOp0UKPNa63Bfq1H62eAou6So9LYzY8M6FBAjuz-6z7KNBlvz2xXEY4ObkH012ZzvqIf-Rs1iPvXtggktxzMfN4IDymJZqnG3yeGBB07Jk2aELMCfiq3P1lQaJuBdd-s_bZXnWaLtJeuaDw\">Enllaz<\/a> \/ <a href=\"https:\/\/www.facebook.com\/loqueleosantillanaspain\/photos\/a.774456349395285\/2001853929988848\/\">Fonte: loqueleo<\/a><\/li>\n<\/ul>\n<p><!--more--><br \/>\nQueremos poner el nuesu gran\u00edn d&#8217;arena recordando los <strong><span style=\"color: #008080\">Derechos de la Infancia<\/span> <\/strong>en particular con un cat\u00e1logu carg\u00e1u d&#8217;actividaes y llectures que vas atopar nel enllaz axuntu.<\/p>\n<p><em><span style=\"text-decoration: underline\"><span style=\"color: #008080;text-decoration: underline\">La Declaracio\u0301n de los Derechos de la Infancia establez los siguientes diez principios:<\/span><\/span><\/em><br \/>\n<em>1. Derechu a la iguald\u00e1, ensin distinci\u00f3n de raza, relix\u00f3n o nacionalid\u00e1.<\/em><br \/>\n<em>2. Derechu a tener una protecci\u00f3n especial para&#8217;l desenvolvimientu f\u00edsicu, mental y social del ne\u00f1u en condiciones de llibert\u00e1 y dignid\u00e1.<\/em><br \/>\n<em>3. Derechu a un nome y a una nacionalid\u00e1 dende la so nacencia.<\/em><br \/>\n<em>4. Derechu a una alimentaci\u00f3n, vivienda y atenci\u00f3n m\u00e9dica fayadices.<\/em><br \/>\n<em>5. Derechu a una educaci\u00f3n y a un tratamientu especial para aquellos ne\u00f1os que sufren dalguna discapacid\u00e1 mental o f\u00edsica.<\/em><br \/>\n<em>6. Derechu a la comprensi\u00f3n y al amor de los padres y de la socied\u00e1.<\/em><br \/>\n<em>7. Derechu a actividaes recreatives y a una educaci\u00f3n gratuita.<\/em><br \/>\n<em>8. Derechu a tar ente los primeres en recibir ayuda en cualquier circunstancia.<\/em><br \/>\n<em>9. Derechu a la protecci\u00f3n contra cualquier forma d&#8217;abandonu, crueld\u00e1 y esplotaci\u00f3n.<\/em><br \/>\n<em>10. Derechu a ser cri\u00e1u con un esp\u00edritu de comprensi\u00f3n, tolerancia, amist\u00e1 ente los pueblos y hermand\u00e1 universal.<\/em><\/p>\n<p>Pa trabayar na aula o en casa cada unu de los derechos de los ne\u00f1os, ne\u00f1es y adolescentes, proponemos fa\u00e9telo dende la lliteratura, con una cuidada selecci\u00f3n de t\u00edtulos por edaes que <a href=\"https:\/\/l.facebook.com\/l.php?u=https%3A%2F%2Fwww.loqueleo.com%2Fes%2Fuploads%2F2019%2F10%2F60-aniversario-derechos-infancia-declaracion.pdf%3Ffbclid%3DIwAR1_DwxeMeWLvKkf2MbDVfPI1VG84ZZq0iR6F-daVXsNHkrtUGB9mjoqULg&amp;h=AT072n5rx4QNx94vmxghEY7l3OhPXT9oex-jds1lhr2QS79wwafZOJDZmbFJP--PlXy5Q2PV9MMvFuWF3uWu_pMcxeWOka8OliEUgGuZ3ezzjgjeg7YYYWK1QnBTUr33Eg&amp;__tn__=-UK-y-R&amp;c[0]=AT0opyllYXd9HE8vzLr5JMOSPKrbFgf5tV7ypoPW1rqp8kUalXEUbWznZVOp0UKPNa63Bfq1H62eAou6So9LYzY8M6FBAjuz-6z7KNBlvz2xXEY4ObkH012ZzvqIf-Rs1iPvXtggktxzMfN4IDymJZqnG3yeGBB07Jk2aELMCfiq3P1lQaJuBdd-s_bZXnWaLtJeuaDw\">puedes descargar nel siguiente documentu.<\/a><\/p>\n","protected":false},"excerpt":{"rendered":"<p>Tal d\u00eda como g\u00fcei de 1948, l&#8217;Asamblea Xeneral de les Naciones Xun\u00edes aprob\u00f3 la Declaraci\u00f3n Universal de los Derechos Humanos tres el terrible impactu que caus\u00f3 la Segunda Guerra Mundial. Enllaz \/ Fonte: loqueleo<\/p>\n","protected":false},"author":117,"featured_media":0,"comment_status":"open","ping_status":"open","sticky":false,"template":"","format":"standard","meta":{"footnotes":""},"categories":[6],"tags":[],"class_list":["post-11845","post","type-post","status-publish","format-standard","hentry","category-dia-de"],"_links":{"self":[{"href":"https:\/\/edublog.educastur.es\/ixuxu\/wp-json\/wp\/v2\/posts\/11845","targetHints":{"allow":["GET"]}}],"collection":[{"href":"https:\/\/edublog.educastur.es\/ixuxu\/wp-json\/wp\/v2\/posts"}],"about":[{"href":"https:\/\/edublog.educastur.es\/ixuxu\/wp-json\/wp\/v2\/types\/post"}],"author":[{"embeddable":true,"href":"https:\/\/edublog.educastur.es\/ixuxu\/wp-json\/wp\/v2\/users\/117"}],"replies":[{"embeddable":true,"href":"https:\/\/edublog.educastur.es\/ixuxu\/wp-json\/wp\/v2\/comments?post=11845"}],"version-history":[{"count":4,"href":"https:\/\/edublog.educastur.es\/ixuxu\/wp-json\/wp\/v2\/posts\/11845\/revisions"}],"predecessor-version":[{"id":11849,"href":"https:\/\/edublog.educastur.es\/ixuxu\/wp-json\/wp\/v2\/posts\/11845\/revisions\/11849"}],"wp:attachment":[{"href":"https:\/\/edublog.educastur.es\/ixuxu\/wp-json\/wp\/v2\/media?parent=11845"}],"wp:term":[{"taxonomy":"category","embeddable":true,"href":"https:\/\/edublog.educastur.es\/ixuxu\/wp-json\/wp\/v2\/categories?post=11845"},{"taxonomy":"post_tag","embeddable":true,"href":"https:\/\/edublog.educastur.es\/ixuxu\/wp-json\/wp\/v2\/tags?post=11845"}],"curies":[{"name":"wp","href":"https:\/\/api.w.org\/{rel}","templated":true}]}}