{"id":11918,"date":"2021-12-08T10:00:35","date_gmt":"2021-12-08T08:00:35","guid":{"rendered":"https:\/\/edublog.educastur.es\/ixuxu\/?p=11918"},"modified":"2021-12-11T18:54:33","modified_gmt":"2021-12-11T16:54:33","slug":"un-avientu-con-munchu-cuentu","status":"publish","type":"post","link":"https:\/\/edublog.educastur.es\/ixuxu\/2021\/12\/un-avientu-con-munchu-cuentu\/","title":{"rendered":"Programa de cuentacuentos n\u2019asturianu nos colexos de Mieres"},"content":{"rendered":"<p style=\"text-align: center\"><a href=\"https:\/\/tinypix.top\/images\/2021\/12\/11\/SOTkr.jpg\"><img loading=\"lazy\" decoding=\"async\" class=\"alignnone\" src=\"https:\/\/tinypix.top\/images\/2021\/12\/11\/SOTkr.jpg\" alt=\"\" width=\"449\" height=\"635\" \/><\/a><\/p>\n<p>El<a href=\"https:\/\/www.mieres.es\/\"><span style=\"text-decoration: underline\"><span style=\"color: #008080;text-decoration: underline\"> Conceyu de Mieres<\/span><\/span><\/a> busca fomentar l&#8217;usu del asturianu na escuela. Con esti prop\u00f3situ, la conceyal\u00eda d&#8217;Educaci\u00f3n que dirixe Bel\u00e9n Alonso anunci\u00f3 ayeri la puesta marcha d&#8217;un programa de cuentacuentos n&#8217;asturianu nos colexos del conceyu.<\/p>\n<p><!--more--><\/p>\n<p>La iniciativa lleva por t\u00edtulu <strong><span style=\"color: #008080\">\u201cUn avientu\u2026 con munchu cuentu\u201d<\/span><\/strong>. Pretende averar l&#8217;asturianu al alumn\u00e1u al travi\u00e9s d&#8217;espect\u00e1culos empobinaos a Infantil o primeros cursos de Primaria. \u201cDende la conceyal\u00eda ufiert\u00f3se esta iniciativa a los colexos, que respondieron de forma bien positiva a la mesma, polo que dende&#8217;l d\u00eda 9 hasta&#8217;l 17 d&#8217;avientu van realizase 18 sesiones de cuentacuentos nos distintos centros\u201d, se\u00f1alaron ayeri los voceros municipales. Los espect\u00e1culos van correr al cargu d&#8217;Andrea Llobu (\u201cLos fechizocuentos de la bruxa Lloba\u201d), Carlos Alba (\u201cPiquicuentos\u201d y \u201cCont\u00e1benmelo en casa\u201d) y Ana Mor\u00e1n (\u201cAchiperres\u201d).<\/p>\n<ul>\n<li>Andrea Lobo. \u201cLos fechizocuentos de la bruxa Lloba\u201d.<\/li>\n<li>Carlos Alba. \u201cPiquicuentos\u201d y \u201cCont\u00e1benmelo en casa\u201d.<\/li>\n<li>Ana Mor\u00e1n. \u201cCachivaches\u201d.<\/li>\n<\/ul>\n<p>Dende la conceyal\u00eda dest\u00e1case la importancia de poder desarrollar iniciatives de promoci\u00f3n del asturianu nes aules y agradez la respuesta positiva de los centros, que van disfrutar d\u2019estos cuentacuentos y espect\u00e1culos prestosos y entreten\u00edos pa neninos y nenines, y inf\u00f3rmase que se trabaya ya en nuevos proyectos colos colexos pa siguir promoviendo la cultura y la llingua asturiana.<\/p>\n","protected":false},"excerpt":{"rendered":"<p>El Conceyu de Mieres busca fomentar l&#8217;usu del asturianu na escuela. Con esti prop\u00f3situ, la conceyal\u00eda d&#8217;Educaci\u00f3n que dirixe Bel\u00e9n Alonso anunci\u00f3 ayeri la puesta marcha d&#8217;un programa de cuentacuentos n&#8217;asturianu nos colexos del conceyu.<\/p>\n","protected":false},"author":117,"featured_media":0,"comment_status":"open","ping_status":"open","sticky":false,"template":"","format":"standard","meta":{"footnotes":""},"categories":[7],"tags":[],"class_list":["post-11918","post","type-post","status-publish","format-standard","hentry","category-cuentos"],"_links":{"self":[{"href":"https:\/\/edublog.educastur.es\/ixuxu\/wp-json\/wp\/v2\/posts\/11918","targetHints":{"allow":["GET"]}}],"collection":[{"href":"https:\/\/edublog.educastur.es\/ixuxu\/wp-json\/wp\/v2\/posts"}],"about":[{"href":"https:\/\/edublog.educastur.es\/ixuxu\/wp-json\/wp\/v2\/types\/post"}],"author":[{"embeddable":true,"href":"https:\/\/edublog.educastur.es\/ixuxu\/wp-json\/wp\/v2\/users\/117"}],"replies":[{"embeddable":true,"href":"https:\/\/edublog.educastur.es\/ixuxu\/wp-json\/wp\/v2\/comments?post=11918"}],"version-history":[{"count":5,"href":"https:\/\/edublog.educastur.es\/ixuxu\/wp-json\/wp\/v2\/posts\/11918\/revisions"}],"predecessor-version":[{"id":11924,"href":"https:\/\/edublog.educastur.es\/ixuxu\/wp-json\/wp\/v2\/posts\/11918\/revisions\/11924"}],"wp:attachment":[{"href":"https:\/\/edublog.educastur.es\/ixuxu\/wp-json\/wp\/v2\/media?parent=11918"}],"wp:term":[{"taxonomy":"category","embeddable":true,"href":"https:\/\/edublog.educastur.es\/ixuxu\/wp-json\/wp\/v2\/categories?post=11918"},{"taxonomy":"post_tag","embeddable":true,"href":"https:\/\/edublog.educastur.es\/ixuxu\/wp-json\/wp\/v2\/tags?post=11918"}],"curies":[{"name":"wp","href":"https:\/\/api.w.org\/{rel}","templated":true}]}}