{"id":11936,"date":"2021-12-11T16:00:02","date_gmt":"2021-12-11T14:00:02","guid":{"rendered":"https:\/\/edublog.educastur.es\/ixuxu\/?p=11936"},"modified":"2021-12-11T19:11:45","modified_gmt":"2021-12-11T17:11:45","slug":"11936","status":"publish","type":"post","link":"https:\/\/edublog.educastur.es\/ixuxu\/2021\/12\/11936\/","title":{"rendered":"Autores nel Cam\u00edn: Rodrigo Cuevas"},"content":{"rendered":"<article class=\"post-2052 post type-post status-publish format-standard has-post-thumbnail hentry category-noticies\">\n<div class=\"empty-space marg-lg-b20 marg-sm-b20\" style=\"text-align: center\"><a href=\"http:\/\/llinguaviles.com\/wp-content\/uploads\/2021\/12\/Cartel_Rodrigo_cuevas_web-2-scaled.jpg\"><img loading=\"lazy\" decoding=\"async\" class=\"alignnone\" src=\"http:\/\/llinguaviles.com\/wp-content\/uploads\/2021\/12\/Cartel_Rodrigo_cuevas_web-2-scaled.jpg\" alt=\"\" width=\"427\" height=\"604\" \/><\/a><\/div>\n<div class=\"simple-text tt-content size-4 title-droid margin-big\">\n<p style=\"text-align: center\"><em><span style=\"color: #008080\">Circuitu art\u00edsticu-lliterariu\u00a0Autores nel Cam\u00edn 2021, con Rodrigo Cuevas.<\/span><\/em><\/p>\n<p>L\u2019activid\u00e1 ye una collaboraci\u00f3n ente\u2019l Gobiernu del Princip\u00e1u y el Conceyu d\u2019Avil\u00e9s.<\/p>\n<ul>\n<li><a href=\"http:\/\/llinguaviles.com\/noticies\/autores-nel-camin-rodrigo-cuevas\/?fbclid=IwAR2XtSBdjFpbtsrsmqZbtuWMelAgd-RGuHnwbeWiavLn1nuD2q3PynUiKts\">Fonte: Estaya de la llingua d&#8217;Avil\u00e9s<\/a><\/li>\n<li><a href=\"https:\/\/es.wikipedia.org\/wiki\/Rodrigo_Cuevas_(cantante)\">Rodrigo Cuevas: wiki<\/a> \/<a href=\"https:\/\/rodrigocuevas.sexy\/\"> web<\/a> \/ <a href=\"https:\/\/twitter.com\/RodrigoCuevasG?ref_src=twsrc%5Egoogle%7Ctwcamp%5Eserp%7Ctwgr%5Eauthor\">Twitter<\/a> \/ <a href=\"https:\/\/edublog.educastur.es\/ixuxu\/2020\/11\/la-gala-del-premiu-al-meyor-cantar-va-poder-siguise-en-diferio-en-tpa\/\">art\u00edculo.<\/a><\/li>\n<\/ul>\n<p><!--more--><\/p>\n<p>Va tener el formatu de coloquiu alredor del personaxe de Rambal , que ye a quien\u00a0 <a href=\"https:\/\/edublog.educastur.es\/ixuxu\/2020\/11\/la-gala-del-premiu-al-meyor-cantar-va-poder-siguise-en-diferio-en-tpa\/\">Rodrigo Cuevas homenaxea col cantar Rambal\u00edn, que gan\u00f3\u2019l Premiu Camaret\u00e1 al meyor cantar na edici\u00f3n de 2020.<\/a><\/p>\n<p>L\u2019artista dempu\u00e9s de charrar col p\u00fablicu va interpretar el cantar ganador.<\/p>\n<ul>\n<li><em>D\u00eda: 13 d\u2019avientu<\/em><\/li>\n<li><em>Hora: 19:00 hores<\/em><\/li>\n<li><em>Duraci\u00f3n: 45\u2032<\/em><\/li>\n<li><em>Sitiu: espaciu esc\u00e9nicu de la Factor\u00eda Cultural, Avenida de Portugal 13, Avil\u00e9s<\/em><\/li>\n<\/ul>\n<p>P\u2019asisitir al alcuentru col autor hai d\u2019apuntase primero, y pue faacese de dos formes:\u00a0 per corr\u00e9u electr\u00f3nicu en: <strong><span style=\"color: #008080\">estayallingua@aviles.es<\/span><\/strong> o per whatsapp nel n\u00famberu:<span style=\"color: #008080\"><strong> 634821613<\/strong><\/span> La entrada ye de baldre hasta completar aforu, previa reserva que va siguir un orden estrictu d\u2019inscripci\u00f3n. Ye obligatoriu l\u2019usu de m\u00e1zcara.<\/p>\n<\/div>\n<\/article>\n<p>&nbsp;<\/p>\n<p>&nbsp;<\/p>\n","protected":false},"excerpt":{"rendered":"<p>Circuitu art\u00edsticu-lliterariu\u00a0Autores nel Cam\u00edn 2021, con Rodrigo Cuevas. L\u2019activid\u00e1 ye una collaboraci\u00f3n ente\u2019l Gobiernu del Princip\u00e1u y el Conceyu d\u2019Avil\u00e9s. Fonte: Estaya de la llingua d&#8217;Avil\u00e9s Rodrigo Cuevas: wiki \/ web \/ Twitter \/ art\u00edculo.<\/p>\n","protected":false},"author":117,"featured_media":0,"comment_status":"open","ping_status":"open","sticky":false,"template":"","format":"standard","meta":{"footnotes":""},"categories":[35],"tags":[],"class_list":["post-11936","post","type-post","status-publish","format-standard","hentry","category-musica"],"_links":{"self":[{"href":"https:\/\/edublog.educastur.es\/ixuxu\/wp-json\/wp\/v2\/posts\/11936","targetHints":{"allow":["GET"]}}],"collection":[{"href":"https:\/\/edublog.educastur.es\/ixuxu\/wp-json\/wp\/v2\/posts"}],"about":[{"href":"https:\/\/edublog.educastur.es\/ixuxu\/wp-json\/wp\/v2\/types\/post"}],"author":[{"embeddable":true,"href":"https:\/\/edublog.educastur.es\/ixuxu\/wp-json\/wp\/v2\/users\/117"}],"replies":[{"embeddable":true,"href":"https:\/\/edublog.educastur.es\/ixuxu\/wp-json\/wp\/v2\/comments?post=11936"}],"version-history":[{"count":4,"href":"https:\/\/edublog.educastur.es\/ixuxu\/wp-json\/wp\/v2\/posts\/11936\/revisions"}],"predecessor-version":[{"id":11940,"href":"https:\/\/edublog.educastur.es\/ixuxu\/wp-json\/wp\/v2\/posts\/11936\/revisions\/11940"}],"wp:attachment":[{"href":"https:\/\/edublog.educastur.es\/ixuxu\/wp-json\/wp\/v2\/media?parent=11936"}],"wp:term":[{"taxonomy":"category","embeddable":true,"href":"https:\/\/edublog.educastur.es\/ixuxu\/wp-json\/wp\/v2\/categories?post=11936"},{"taxonomy":"post_tag","embeddable":true,"href":"https:\/\/edublog.educastur.es\/ixuxu\/wp-json\/wp\/v2\/tags?post=11936"}],"curies":[{"name":"wp","href":"https:\/\/api.w.org\/{rel}","templated":true}]}}