{"id":11959,"date":"2021-12-12T09:00:51","date_gmt":"2021-12-12T07:00:51","guid":{"rendered":"https:\/\/edublog.educastur.es\/ixuxu\/?p=11959"},"modified":"2021-12-12T12:38:15","modified_gmt":"2021-12-12T10:38:15","slug":"dia-mundial-del-llince-ibericu","status":"publish","type":"post","link":"https:\/\/edublog.educastur.es\/ixuxu\/2021\/12\/dia-mundial-del-llince-ibericu\/","title":{"rendered":"D\u00eda Mundial del Llince Ib\u00e9ricu"},"content":{"rendered":"<p><a href=\"https:\/\/tinypix.top\/images\/2021\/12\/12\/SOHup.png\"><img loading=\"lazy\" decoding=\"async\" class=\"aligncenter\" src=\"https:\/\/tinypix.top\/images\/2021\/12\/12\/SOHup.png\" alt=\"\" width=\"351\" height=\"351\" \/><\/a><\/p>\n<p>G\u00fcei cel\u00e9brase&#8217;l D\u00eda Mundial del Llince Ib\u00e9ricu. Una fecha para dar les gracies a toles persones que trabayen d\u00eda ente d\u00eda por qu&#8217;una de les especies m\u00e1s emblem\u00e1tiques de la nuesa biodiversid\u00e1 all\u00f3\u00f1ese, adulces, de la estinci\u00f3n.<\/p>\n<ul>\n<li><strong><span style=\"color: #008080\">Llince ib\u00e9ricu<\/span><\/strong>:<a href=\"https:\/\/es.wikipedia.org\/wiki\/Lynx_pardinus\"> wiki<\/a> \/<a href=\"https:\/\/www.google.com\/search?q=lince+iberico&amp;client=firefox-b-d&amp;sxsrf=AOaemvLyzlxv41O9K_4wGWCd20rKwEm25A:1639305469142&amp;source=lnms&amp;tbm=isch&amp;sa=X&amp;ved=2ahUKEwiviKrhiN70AhUx5uAKHdPABxIQ_AUoAXoECAIQAw&amp;biw=1536&amp;bih=739&amp;dpr=1.25\"> semeyes<\/a> \/ <a href=\"https:\/\/www.researchgate.net\/profile\/Javier-Calzada-2\/publication\/303340130\/figure\/fig1\/AS:363403093790721@1463653457300\/Figura-1-Distribucion-del-lince-iberico-Los-circulos-representan-los-registros-de-lince.png\">en 2013<\/a> \/<a href=\"https:\/\/www.wwf.es\/nuestro_trabajo\/especies_y_habitats\/lince_iberico\/\">WWF<\/a> \/<\/li>\n<\/ul>\n<p><!--more--><\/p>\n<p><a href=\"https:\/\/images.ecestaticos.com\/1wzGDM7WUYzoXLxI6tOul4Sxy6Q=\/57x85:2271x1191\/1440x810\/filters:fill(white):format(jpg)\/f.elconfidencial.com%2Foriginal%2Fe4a%2F32e%2Feec%2Fe4a32eeec3e4cb3a55338927814d7c97.jpg\"><img loading=\"lazy\" decoding=\"async\" class=\"alignnone\" src=\"https:\/\/images.ecestaticos.com\/1wzGDM7WUYzoXLxI6tOul4Sxy6Q=\/57x85:2271x1191\/1440x810\/filters:fill(white):format(jpg)\/f.elconfidencial.com%2Foriginal%2Fe4a%2F32e%2Feec%2Fe4a32eeec3e4cb3a55338927814d7c97.jpg\" alt=\"\" width=\"326\" height=\"184\" \/><\/a>\/<a href=\"https:\/\/www.republica.com\/wp-content\/uploads\/2016\/04\/lince.jpg\"><img loading=\"lazy\" decoding=\"async\" class=\"alignnone\" src=\"https:\/\/www.republica.com\/wp-content\/uploads\/2016\/04\/lince.jpg\" alt=\"\" width=\"270\" height=\"180\" \/><\/a><\/p>\n<p>&nbsp;<\/p>\n<p><a href=\"https:\/\/d7lju56vlbdri.cloudfront.net\/var\/ezwebin_site\/storage\/images\/_aliases\/img_1col\/noticias\/el-lince-boreal-habito-el-norte-de-espana-hasta-hace-unos-siglos\/5491629-1-esl-MX\/El-lince-boreal-habito-el-norte-de-Espana-hasta-hace-unos-siglos.jpg\"><img loading=\"lazy\" decoding=\"async\" class=\"aligncenter\" src=\"https:\/\/d7lju56vlbdri.cloudfront.net\/var\/ezwebin_site\/storage\/images\/_aliases\/img_1col\/noticias\/el-lince-boreal-habito-el-norte-de-espana-hasta-hace-unos-siglos\/5491629-1-esl-MX\/El-lince-boreal-habito-el-norte-de-Espana-hasta-hace-unos-siglos.jpg\" alt=\"\" width=\"800\" height=\"533\" \/><\/a><\/p>\n<p>Superemos el millar d&#8217;exemplares, pero queda trabayu por faer pa poder afirmar que&#8217;l llobu cerval ib\u00e9ricu ta fora de peligru. Los esfuerzos de caltenimientu t\u00e1n dando resultancia: En 2002 quedaben menos de 100 exemplares, <span style=\"color: #008080\">agora \u00a1son m\u00e1s de 1.000 viviendo en llibert\u00e1 na Pen\u00ednsula Ib\u00e9rica!<\/span><\/p>\n<p>Esti \u00e9situ de los programes de recuperaci\u00f3n de la especie llevaron a que na categor\u00eda d&#8217;amenaza del llobu cerval ib\u00e9ricu pasara de \u201cEn Peligru Cr\u00edticu d&#8217;Estinci\u00f3n\u201d a \u201cEn Peligru d&#8217;Estinci\u00f3n\u201d.<\/p>\n<p><a href=\"https:\/\/upload.wikimedia.org\/wikipedia\/commons\/thumb\/0\/08\/Status_iucn3.1_EN_es.svg\/1920px-Status_iucn3.1_EN_es.svg.png\"><img loading=\"lazy\" decoding=\"async\" class=\"aligncenter\" src=\"https:\/\/upload.wikimedia.org\/wikipedia\/commons\/thumb\/0\/08\/Status_iucn3.1_EN_es.svg\/1920px-Status_iucn3.1_EN_es.svg.png\" alt=\"\" width=\"430\" height=\"115\" \/><\/a><\/p>\n<p>N&#8217;Espa\u00f1a, los principales n\u00facleos de poblaci\u00f3n atopase n&#8217;Andaluc\u00eda, qu&#8217;acueye a m\u00e1s de la met\u00e1 de los exemplares del tami\u00e9n nom\u00e1u <span style=\"color: #008080\"><strong>llobu cerval ib\u00e9ricu<\/strong><\/span>, sigu\u00edu per Castiella-La Mancha, con un terciu de poblaci\u00f3n, y Estremadura, que cunta con 141 animales.<\/p>\n<p style=\"text-align: center\"><a href=\"https:\/\/wwfes.awsassets.panda.org\/img\/original\/image002.jpg\"><img loading=\"lazy\" decoding=\"async\" class=\"aligncenter\" src=\"https:\/\/wwfes.awsassets.panda.org\/img\/original\/image002.jpg\" alt=\"\" width=\"588\" height=\"506\" \/><\/a>\n<!-- iframe plugin v.6.0 wordpress.org\/plugins\/iframe\/ -->\n<iframe loading=\"lazy\" width=\"100%\" height=\"393\" src=\"https:\/\/www.youtube.com\/embed\/yUrAarfQoVc\" 0=\"\/iframe\" scrolling=\"yes\" class=\"iframe-class\" frameborder=\"0\"><\/iframe>\n<\/p>\n","protected":false},"excerpt":{"rendered":"<p>G\u00fcei cel\u00e9brase&#8217;l D\u00eda Mundial del Llince Ib\u00e9ricu. Una fecha para dar les gracies a toles persones que trabayen d\u00eda ente d\u00eda por qu&#8217;una de les especies m\u00e1s emblem\u00e1tiques de la nuesa biodiversid\u00e1 all\u00f3\u00f1ese, adulces, de la estinci\u00f3n. Llince ib\u00e9ricu: wiki \/ semeyes \/ en 2013 \/WWF \/<\/p>\n","protected":false},"author":117,"featured_media":0,"comment_status":"open","ping_status":"open","sticky":false,"template":"","format":"standard","meta":{"footnotes":""},"categories":[6],"tags":[],"class_list":["post-11959","post","type-post","status-publish","format-standard","hentry","category-dia-de"],"_links":{"self":[{"href":"https:\/\/edublog.educastur.es\/ixuxu\/wp-json\/wp\/v2\/posts\/11959","targetHints":{"allow":["GET"]}}],"collection":[{"href":"https:\/\/edublog.educastur.es\/ixuxu\/wp-json\/wp\/v2\/posts"}],"about":[{"href":"https:\/\/edublog.educastur.es\/ixuxu\/wp-json\/wp\/v2\/types\/post"}],"author":[{"embeddable":true,"href":"https:\/\/edublog.educastur.es\/ixuxu\/wp-json\/wp\/v2\/users\/117"}],"replies":[{"embeddable":true,"href":"https:\/\/edublog.educastur.es\/ixuxu\/wp-json\/wp\/v2\/comments?post=11959"}],"version-history":[{"count":8,"href":"https:\/\/edublog.educastur.es\/ixuxu\/wp-json\/wp\/v2\/posts\/11959\/revisions"}],"predecessor-version":[{"id":11967,"href":"https:\/\/edublog.educastur.es\/ixuxu\/wp-json\/wp\/v2\/posts\/11959\/revisions\/11967"}],"wp:attachment":[{"href":"https:\/\/edublog.educastur.es\/ixuxu\/wp-json\/wp\/v2\/media?parent=11959"}],"wp:term":[{"taxonomy":"category","embeddable":true,"href":"https:\/\/edublog.educastur.es\/ixuxu\/wp-json\/wp\/v2\/categories?post=11959"},{"taxonomy":"post_tag","embeddable":true,"href":"https:\/\/edublog.educastur.es\/ixuxu\/wp-json\/wp\/v2\/tags?post=11959"}],"curies":[{"name":"wp","href":"https:\/\/api.w.org\/{rel}","templated":true}]}}