{"id":11970,"date":"2021-12-12T12:52:41","date_gmt":"2021-12-12T10:52:41","guid":{"rendered":"https:\/\/edublog.educastur.es\/ixuxu\/?p=11970"},"modified":"2021-12-12T14:39:30","modified_gmt":"2021-12-12T12:39:30","slug":"11970","status":"publish","type":"post","link":"https:\/\/edublog.educastur.es\/ixuxu\/2021\/12\/11970\/","title":{"rendered":"El mi\u00e9rcoles  empecipia la vacunaci\u00f3n de la poblaci\u00f3n pedi\u00e1trica frente al Covid"},"content":{"rendered":"<p style=\"text-align: center\"><a href=\"https:\/\/upload.wikimedia.org\/wikipedia\/commons\/thumb\/3\/3c\/SESPA.svg\/1200px-SESPA.svg.png\"><img loading=\"lazy\" decoding=\"async\" class=\"alignnone\" src=\"https:\/\/upload.wikimedia.org\/wikipedia\/commons\/thumb\/3\/3c\/SESPA.svg\/1200px-SESPA.svg.png\" alt=\"\" width=\"369\" height=\"132\" \/><\/a><\/p>\n<p>El <strong><span style=\"color: #008080\">SESPA<\/span> <span style=\"text-decoration: underline\"><span style=\"color: #008080;text-decoration: underline\">(Serviciu de Sal\u00fa del princip\u00e1u d&#8217;Asturies) <\/span><\/span><\/strong>va empecipiar el mi\u00e9rcoles la vacunaci\u00f3n de la poblaci\u00f3n pedi\u00e1trica frente al coronavirus, preferentemente peles tardes d&#8217;avientu de 2021. El Serviciu de Sal\u00fa va realizar una citaci\u00f3n proactiva de los 60.000 menores nac\u00edos de 2010 a 2016, dambos a\u00f1os inclusive.<\/p>\n<p style=\"text-align: center\"><a href=\"https:\/\/image.ondacero.es\/clipping\/cmsimages02\/2021\/11\/26\/8449EB83-2E45-46DC-A3EF-2B1FFEBCE9E5\/98.jpg?crop=1002,564,x67,y0&amp;width=1900&amp;height=1069&amp;optimize=high&amp;format=webply\"><img loading=\"lazy\" decoding=\"async\" class=\"alignnone\" src=\"https:\/\/image.ondacero.es\/clipping\/cmsimages02\/2021\/11\/26\/8449EB83-2E45-46DC-A3EF-2B1FFEBCE9E5\/98.jpg?crop=1002,564,x67,y0&amp;width=1900&amp;height=1069&amp;optimize=high&amp;format=webply\" alt=\"\" width=\"612\" height=\"344\" \/><\/a><\/p>\n<p><!--more--><\/p>\n<ul>\n<li><a href=\"https:\/\/coronavirus.asturias.es\/-\/el-sespa-iniciar%C3%A1-el-mi%C3%A9rcoles-la-vacunaci%C3%B3n-de-la-poblaci%C3%B3n-pedi%C3%A1trica-frente-al-coronavirus-preferentemente-por-las-tardes?redirect=%2Finicio&amp;fbclid=IwAR3XHfRf39SEwUfY81AY_x2Q7R5bGBqtHtbaaQoR4kex2N_aIrIlm-nvtSU\">Fonte noticia: Coronavirus.asturias.es<\/a><\/li>\n<li><a class=\"pdf\" title=\"2021_12_12 Preguntas frecuentes vacunacion pediatrica covid.PDF. Abre una nueva ventana\" href=\"https:\/\/coronavirus.asturias.es\/documents\/70545\/0\/2021_12_12+Preguntas+frecuentes+vacunacion+pediatrica+covid.PDF\/43a3c4a8-1ffc-4f3e-b931-f9c1a771c57e?t=1639301802626\" target=\"_blank\" rel=\"noopener\"> 2021_12_12 Preguntas frecuentes vacunacion pediatrica covid.PDF <\/a><\/li>\n<\/ul>\n<p>Los primeres en recibir la dosis van ser los nac\u00edos en 2010, 2011 y 2012, a los que se-yos va aplicar la vacuna esti mes. <span style=\"color: #008080\">El restu recibiranla en xineru, cuando lleguen m\u00e1s dosis<\/span>. La inoculaci\u00f3n siempres se va realizar en sent\u00edu descendente d&#8217;ed\u00e1, esto ye, va vacunase antes a los menores de 11 a\u00f1os, sigu\u00edos de los 10, y asina hasta los 5 a\u00f1os.<\/p>\n<p><a href=\"https:\/\/statics-diariomedico.uecdn.es\/cms\/2021-04\/vacuna%20pfizer.jpg\"><img loading=\"lazy\" decoding=\"async\" class=\"alignnone\" src=\"https:\/\/statics-diariomedico.uecdn.es\/cms\/2021-04\/vacuna%20pfizer.jpg\" alt=\"\" width=\"242\" height=\"161\" \/><\/a>\/<a href=\"https:\/\/img2.rtve.es\/imagenes\/viales-vacuna-desarrollada-biontech-pfizer\/1619618298910.jpg\"><img loading=\"lazy\" decoding=\"async\" class=\"alignnone\" src=\"https:\/\/img2.rtve.es\/imagenes\/viales-vacuna-desarrollada-biontech-pfizer\/1619618298910.jpg\" alt=\"\" width=\"284\" height=\"160\" \/><\/a><\/p>\n<p>Ne\u00f1os y ne\u00f1es tendr\u00e1n d&#8217;allegar acompa\u00f1aos d&#8217;un proxenitor o tutor llegal que va dar el so consentimientu verbal por que reciban la profilaxis.<\/p>\n<p>Nes \u00e1rees rurales, la vacunaci\u00f3n va realizase n&#8217;atenci\u00f3n primaria, ente que nes zones urbanes van alministrase les dosis nos puntos habilitaos mientres esta campa\u00f1a.<\/p>\n<p style=\"text-align: center\"><a href=\"https:\/\/criaturasimaginarias.files.wordpress.com\/2008\/03\/mapa-de-area.jpg\"><img loading=\"lazy\" decoding=\"async\" class=\"alignnone\" src=\"https:\/\/criaturasimaginarias.files.wordpress.com\/2008\/03\/mapa-de-area.jpg\" alt=\"\" width=\"429\" height=\"184\" \/><\/a><\/p>\n<p>\u00c1rea sanitaria IV (Uvi\u00e9u). <span style=\"color: #008080\">Primeramente va citase a ne\u00f1os y ne\u00f1es nel AutoVac del Hospital Monte Naranco, n&#8217;Uvi\u00e9u.<\/span> <span style=\"color: #008080\">Darr\u00e9u va vacun\u00e1se-yos nel AutoVac instal\u00e1u nel Parking 3 del HUCA.<\/span> Los menores residentes nes zones especiales de sal\u00fa (Morc\u00edn, Riosa y La Ribera) van recibir la profilaxis nos sos centros de sal\u00fa.<\/p>\n<p>&nbsp;<\/p>\n","protected":false},"excerpt":{"rendered":"<p>El SESPA (Serviciu de Sal\u00fa del princip\u00e1u d&#8217;Asturies) va empecipiar el mi\u00e9rcoles la vacunaci\u00f3n de la poblaci\u00f3n pedi\u00e1trica frente al coronavirus, preferentemente peles tardes d&#8217;avientu de 2021. El Serviciu de Sal\u00fa va realizar una citaci\u00f3n proactiva de los 60.000 menores nac\u00edos de 2010 a 2016, dambos a\u00f1os inclusive.<\/p>\n","protected":false},"author":117,"featured_media":0,"comment_status":"open","ping_status":"open","sticky":false,"template":"","format":"standard","meta":{"footnotes":""},"categories":[140,48],"tags":[],"class_list":["post-11970","post","type-post","status-publish","format-standard","hentry","category-covid-19","category-salu"],"_links":{"self":[{"href":"https:\/\/edublog.educastur.es\/ixuxu\/wp-json\/wp\/v2\/posts\/11970","targetHints":{"allow":["GET"]}}],"collection":[{"href":"https:\/\/edublog.educastur.es\/ixuxu\/wp-json\/wp\/v2\/posts"}],"about":[{"href":"https:\/\/edublog.educastur.es\/ixuxu\/wp-json\/wp\/v2\/types\/post"}],"author":[{"embeddable":true,"href":"https:\/\/edublog.educastur.es\/ixuxu\/wp-json\/wp\/v2\/users\/117"}],"replies":[{"embeddable":true,"href":"https:\/\/edublog.educastur.es\/ixuxu\/wp-json\/wp\/v2\/comments?post=11970"}],"version-history":[{"count":5,"href":"https:\/\/edublog.educastur.es\/ixuxu\/wp-json\/wp\/v2\/posts\/11970\/revisions"}],"predecessor-version":[{"id":12015,"href":"https:\/\/edublog.educastur.es\/ixuxu\/wp-json\/wp\/v2\/posts\/11970\/revisions\/12015"}],"wp:attachment":[{"href":"https:\/\/edublog.educastur.es\/ixuxu\/wp-json\/wp\/v2\/media?parent=11970"}],"wp:term":[{"taxonomy":"category","embeddable":true,"href":"https:\/\/edublog.educastur.es\/ixuxu\/wp-json\/wp\/v2\/categories?post=11970"},{"taxonomy":"post_tag","embeddable":true,"href":"https:\/\/edublog.educastur.es\/ixuxu\/wp-json\/wp\/v2\/tags?post=11970"}],"curies":[{"name":"wp","href":"https:\/\/api.w.org\/{rel}","templated":true}]}}