{"id":11974,"date":"2021-12-10T09:00:40","date_gmt":"2021-12-10T07:00:40","guid":{"rendered":"https:\/\/edublog.educastur.es\/ixuxu\/?p=11974"},"modified":"2021-12-12T13:05:48","modified_gmt":"2021-12-12T11:05:48","slug":"les-25-meyores-imaxes-daurores-boreales-y-australes-del-anu-2021","status":"publish","type":"post","link":"https:\/\/edublog.educastur.es\/ixuxu\/2021\/12\/les-25-meyores-imaxes-daurores-boreales-y-australes-del-anu-2021\/","title":{"rendered":"Les 25 meyores imaxes d&#8217;Aurores Boreales y Australes del a\u00f1u 2021"},"content":{"rendered":"<p style=\"text-align: center\"><a href=\"https:\/\/capturetheatlas.com\/wp-content\/uploads\/2021\/12\/Northern-Lights-Alaska-image.jpg.webp\"><img loading=\"lazy\" decoding=\"async\" class=\"alignnone\" src=\"https:\/\/capturetheatlas.com\/wp-content\/uploads\/2021\/12\/Northern-Lights-Alaska-image.jpg.webp\" alt=\"\" width=\"1919\" height=\"1334\" \/><\/a><\/p>\n<p style=\"text-align: center\"><em>\u00abEl bosque \/la viesca de les lluce\u00bb \u2013 Marc Adamus<\/em><\/p>\n<p>Les 25 meyores imaxes d&#8217;Aurores Boreales y Australes del a\u00f1u 2021 para allantanos con esti interes\u00e1u fen\u00f3menu natural.<\/p>\n<p><strong><span style=\"color: #008080\">\u00abWinter is coming\u00bb y precisamente por ello&#8217;l blogue<\/span> <a href=\"https:\/\/capturetheatlas.com\/es\/\">Capture the Atlas<\/a>, dedic\u00e1u a la fotograf\u00eda y los viaxes, amu\u00e9sanos la so colecci\u00f3n a\u00f1al \u201cNorthern Lights photographer of the year\u201d<\/strong>, una selecci\u00f3n de les 25 meyores imaxes d&#8217;aurores boreales prindaes por tol mundu y coles que busquen \u00abinspirar y compartir la guapura d&#8217;esti fen\u00f3menu natural\u00bb.<\/p>\n<ul>\n<li><a href=\"https:\/\/www.xatakafoto.com\/concursos\/25-mejores-imagenes-auroras-boreales-australes-ano-2021-para-deleitarnos-este-curioso-fenomeno-natural?fbclid=IwAR2qqHOuvhyulRsY54ok12_Ac1HnykUfC6jPSzKkbLJVQ5_RJ_-6DsR08UA\">Fonte noticia: Xataka<\/a> \/<a href=\"https:\/\/capturetheatlas.com\/es\/northern-lights-photographer-of-the-year\/\"> web Capture the Atlas<\/a> \/<\/li>\n<\/ul>\n<p><!--more--><\/p>\n<p>L&#8217;a\u00f1u pas\u00e1u y\u00e1 <a href=\"https:\/\/www.xatakafoto.com\/colecciones\/25-increibles-fotografias-auroras-boreales-australes-para-deleitarnos-este-curioso-fenomeno-naturaleza\">vos ense\u00f1amos esta mesma selecci\u00f3n na qu&#8217;apaec\u00eden tr\u00e9s fot\u00f3grafos espa\u00f1oles<\/a>. En concretu, la llista d&#8217;angua\u00f1o incl\u00fai imaxes tomaes en pa\u00edses como Estaos Xun\u00edos, Rusia, Finlandia, Suecia, Noruega, Islandia, Australia, Canad\u00e1, Nueva Zelanda por 25 fot\u00f3grafos de trelce nacionalidaes distintes. Para escoyeles, tuvieron en cuenta<span style=\"text-decoration: underline\"><span style=\"color: #008080;text-decoration: underline\"> \u00abla calid\u00e1 de la imaxe, la hestoria detr\u00e1s de la toma y, polo xeneral, la capacid\u00e1 d&#8217;inspirar de les fotograf\u00edes\u00bb.\u00a0<\/span><\/span><\/p>\n<p style=\"text-align: center\"><a href=\"https:\/\/capturetheatlas.com\/wp-content\/uploads\/2021\/12\/Northern-Lights-and-moon-Russia.jpg.webp\"><img loading=\"lazy\" decoding=\"async\" class=\"alignnone\" src=\"https:\/\/capturetheatlas.com\/wp-content\/uploads\/2021\/12\/Northern-Lights-and-moon-Russia.jpg.webp\" alt=\"\" width=\"1318\" height=\"1080\" \/><\/a><\/p>\n<p>Dan cuenta tami\u00e9n como la temporada d&#8217;aurores boreales <span style=\"color: #008080\">abarca de setiembre a abril nel hemisferiu norte<\/span> y de marzu a setiembre nel hemisferiu sur, <em>\u00absiendo&#8217;l meyor momentu para veles y fotografiales mientres los equinoccios de seronda y primavera por cuenta de la orientaci\u00f3n de la exa de la tierra\u00bb.<\/em><\/p>\n<p style=\"text-align: center\"><a href=\"https:\/\/capturetheatlas.com\/wp-content\/uploads\/2021\/12\/Aurora-Australis-Tasmania-Australia.jpg.webp\"><img loading=\"lazy\" decoding=\"async\" class=\"alignnone\" src=\"https:\/\/capturetheatlas.com\/wp-content\/uploads\/2021\/12\/Aurora-Australis-Tasmania-Australia.jpg.webp\" alt=\"\" width=\"1919\" height=\"1279\" \/><\/a><\/p>\n<p style=\"text-align: center\"><em>\u00abAurora Australis\u00bb \u2013 David Oldenhof<\/em><\/p>\n","protected":false},"excerpt":{"rendered":"<p>\u00abEl bosque \/la viesca de les lluce\u00bb \u2013 Marc Adamus Les 25 meyores imaxes d&#8217;Aurores Boreales y Australes del a\u00f1u 2021 para allantanos con esti interes\u00e1u fen\u00f3menu natural. \u00abWinter is coming\u00bb y precisamente por ello&#8217;l blogue Capture the Atlas, dedic\u00e1u a la fotograf\u00eda y los viaxes, amu\u00e9sanos la so colecci\u00f3n a\u00f1al \u201cNorthern Lights photographer of [&hellip;]<\/p>\n","protected":false},"author":117,"featured_media":0,"comment_status":"open","ping_status":"open","sticky":false,"template":"","format":"standard","meta":{"footnotes":""},"categories":[176,4,17],"tags":[],"class_list":["post-11974","post","type-post","status-publish","format-standard","hentry","category-conciertu","category-natura","category-semeyes"],"_links":{"self":[{"href":"https:\/\/edublog.educastur.es\/ixuxu\/wp-json\/wp\/v2\/posts\/11974","targetHints":{"allow":["GET"]}}],"collection":[{"href":"https:\/\/edublog.educastur.es\/ixuxu\/wp-json\/wp\/v2\/posts"}],"about":[{"href":"https:\/\/edublog.educastur.es\/ixuxu\/wp-json\/wp\/v2\/types\/post"}],"author":[{"embeddable":true,"href":"https:\/\/edublog.educastur.es\/ixuxu\/wp-json\/wp\/v2\/users\/117"}],"replies":[{"embeddable":true,"href":"https:\/\/edublog.educastur.es\/ixuxu\/wp-json\/wp\/v2\/comments?post=11974"}],"version-history":[{"count":4,"href":"https:\/\/edublog.educastur.es\/ixuxu\/wp-json\/wp\/v2\/posts\/11974\/revisions"}],"predecessor-version":[{"id":11978,"href":"https:\/\/edublog.educastur.es\/ixuxu\/wp-json\/wp\/v2\/posts\/11974\/revisions\/11978"}],"wp:attachment":[{"href":"https:\/\/edublog.educastur.es\/ixuxu\/wp-json\/wp\/v2\/media?parent=11974"}],"wp:term":[{"taxonomy":"category","embeddable":true,"href":"https:\/\/edublog.educastur.es\/ixuxu\/wp-json\/wp\/v2\/categories?post=11974"},{"taxonomy":"post_tag","embeddable":true,"href":"https:\/\/edublog.educastur.es\/ixuxu\/wp-json\/wp\/v2\/tags?post=11974"}],"curies":[{"name":"wp","href":"https:\/\/api.w.org\/{rel}","templated":true}]}}