{"id":11979,"date":"2021-12-12T08:00:16","date_gmt":"2021-12-12T06:00:16","guid":{"rendered":"https:\/\/edublog.educastur.es\/ixuxu\/?p=11979"},"modified":"2021-12-12T13:10:39","modified_gmt":"2021-12-12T11:10:39","slug":"11979","status":"publish","type":"post","link":"https:\/\/edublog.educastur.es\/ixuxu\/2021\/12\/11979\/","title":{"rendered":"La selmana viniente va carauterizase pola estabilid\u00e1 atmosf\u00e9rica"},"content":{"rendered":"<p style=\"text-align: center\"><a href=\"https:\/\/tinypix.top\/images\/2021\/12\/12\/SaF3g.jpg\"><img loading=\"lazy\" decoding=\"async\" class=\"alignnone\" src=\"https:\/\/tinypix.top\/images\/2021\/12\/12\/SaF3g.jpg\" alt=\"\" width=\"892\" height=\"498\" \/><\/a><\/p>\n<ul>\n<li><a href=\"https:\/\/www.facebook.com\/eltiempuenasturies\"><strong>Tiempu n&#8217;Asturies<\/strong><\/a> \/ <a href=\"https:\/\/weather.com\/es-ES\/tiempo\/hoy\/l\/43.36,-5.86?par=google\"><strong>Weather.com<\/strong> <\/a>\/<a href=\"https:\/\/www.eltiempo.es\/asturias\"> El tiempo en Asturias<\/a> \/<\/li>\n<\/ul>\n<p><span class=\"d2edcug0 hpfvmrgz qv66sw1b c1et5uql lr9zc1uh a8c37x1j keod5gw0 nxhoafnm aigsh9s9 fe6kdd0r mau55g9w c8b282yb d3f4x2em iv3no6db gfeo3gy3 a3bd9o3v b1v8xokw oo9gr5id hzawbc8m\" dir=\"auto\">La selmana viniente va carauterizase pola estabilid\u00e1 atmosf\u00e9rica, gracies al anticicl\u00f3n que va situase enrriba nuesu, dex\u00e1ndonos escasa nubosid\u00e1, sol pero tami\u00e9n xelaes nuecherniegues.<\/span><\/p>\n<p><!--more--><\/p>\n<p>&nbsp;<\/p>\n","protected":false},"excerpt":{"rendered":"<p>Tiempu n&#8217;Asturies \/ Weather.com \/ El tiempo en Asturias \/ La selmana viniente va carauterizase pola estabilid\u00e1 atmosf\u00e9rica, gracies al anticicl\u00f3n que va situase enrriba nuesu, dex\u00e1ndonos escasa nubosid\u00e1, sol pero tami\u00e9n xelaes nuecherniegues.<\/p>\n","protected":false},"author":117,"featured_media":0,"comment_status":"open","ping_status":"open","sticky":false,"template":"","format":"standard","meta":{"footnotes":""},"categories":[5],"tags":[],"class_list":["post-11979","post","type-post","status-publish","format-standard","hentry","category-tiempu"],"_links":{"self":[{"href":"https:\/\/edublog.educastur.es\/ixuxu\/wp-json\/wp\/v2\/posts\/11979","targetHints":{"allow":["GET"]}}],"collection":[{"href":"https:\/\/edublog.educastur.es\/ixuxu\/wp-json\/wp\/v2\/posts"}],"about":[{"href":"https:\/\/edublog.educastur.es\/ixuxu\/wp-json\/wp\/v2\/types\/post"}],"author":[{"embeddable":true,"href":"https:\/\/edublog.educastur.es\/ixuxu\/wp-json\/wp\/v2\/users\/117"}],"replies":[{"embeddable":true,"href":"https:\/\/edublog.educastur.es\/ixuxu\/wp-json\/wp\/v2\/comments?post=11979"}],"version-history":[{"count":2,"href":"https:\/\/edublog.educastur.es\/ixuxu\/wp-json\/wp\/v2\/posts\/11979\/revisions"}],"predecessor-version":[{"id":11981,"href":"https:\/\/edublog.educastur.es\/ixuxu\/wp-json\/wp\/v2\/posts\/11979\/revisions\/11981"}],"wp:attachment":[{"href":"https:\/\/edublog.educastur.es\/ixuxu\/wp-json\/wp\/v2\/media?parent=11979"}],"wp:term":[{"taxonomy":"category","embeddable":true,"href":"https:\/\/edublog.educastur.es\/ixuxu\/wp-json\/wp\/v2\/categories?post=11979"},{"taxonomy":"post_tag","embeddable":true,"href":"https:\/\/edublog.educastur.es\/ixuxu\/wp-json\/wp\/v2\/tags?post=11979"}],"curies":[{"name":"wp","href":"https:\/\/api.w.org\/{rel}","templated":true}]}}