{"id":12016,"date":"2021-12-14T09:00:34","date_gmt":"2021-12-14T07:00:34","guid":{"rendered":"https:\/\/edublog.educastur.es\/ixuxu\/?p=12016"},"modified":"2021-12-18T11:00:36","modified_gmt":"2021-12-18T09:00:36","slug":"videomapping-uvieu-maxica-navida","status":"publish","type":"post","link":"https:\/\/edublog.educastur.es\/ixuxu\/2021\/12\/videomapping-uvieu-maxica-navida\/","title":{"rendered":"Videomapping \u201cUvi\u00e9u M\u00e1xica Navid\u00e1\u201d"},"content":{"rendered":"<p style=\"text-align: center\"><a href=\"https:\/\/tinypix.top\/images\/2021\/12\/14\/Sy6xz.jpg\"><img loading=\"lazy\" decoding=\"async\" class=\"alignnone\" src=\"https:\/\/tinypix.top\/images\/2021\/12\/14\/Sy6xz.jpg\" alt=\"\" width=\"294\" height=\"411\" \/><\/a><\/p>\n<p>Esti vienres, va proyectase, por primer vegada&#8217;l videomapping<span style=\"color: #008080\"><strong> \u201cUvi\u00e9u M\u00e1xica Navid\u00e1\u201d<\/strong><\/span> na fachada de la Ilesia de San Isidoro el Real. <span style=\"color: #008080\"><strong>Pena que nun seya n&#8217;asturianu!<\/strong><\/span><\/p>\n<p style=\"text-align: center\">\n<!-- iframe plugin v.6.0 wordpress.org\/plugins\/iframe\/ -->\n<iframe loading=\"lazy\" src=\"https:\/\/www.facebook.com\/plugins\/post.php?href=https%3A%2F%2Fwww.facebook.com%2Fwww.oviedo.es%2Fphotos%2Fa.588741384498482%2F4692272060812040%2F%3Ftype%3D3&#038;show_text=true&#038;width=500\" width=\"500\" height=\"281\" style=\"border:none;overflow:hidden\" scrolling=\"no\" frameborder=\"0\" allowfullscreen=\"true\" allow=\"autoplay; clipboard-write; encrypted-media; picture-in-picture; web-share\" 0=\"\/iframe\" class=\"iframe-class\"><\/iframe>\n<\/p>\n<p><!--more--><\/p>\n<p>?Podr\u00e1 esfrutase d&#8217;esti espect\u00e1culu audiovisual (d&#8217;una duraci\u00f3n de 7 minutos) a les 18:30, 19:00 y 21:00 hores. Tami\u00e9n va haber tr\u00e9s pases, col mesmu horariu, los d\u00edes 18, 22, 23, 30 y 31 d&#8217;avientu.<br \/>\n\u2728Consulta tola programaci\u00f3n navidiega en <a href=\"https:\/\/l.facebook.com\/l.php?u=http%3A%2F%2Fwww.oviedo.es%2FNavidad%3Ffbclid%3DIwAR2R3zQv6OBMTFDZEB2aYgIsdbA0a1mQljFSmUj9HSP3ali0fTwVGftfdhg&amp;h=AT1ECzYjog3aRj5h-4d1VsMKSTtE4xtkD98HcB_sgBKjcSM-OCy_zsPLGpvpMpDLf-w1cuzxZ8v9nvLueLt92x5TgspjTmaWx3CL7sP7K-p0QpvVBkyC_z4tAQjkxWEKsw&amp;__tn__=-UK-y-R&amp;c[0]=AT0Lrghry_VPy-LX0aSLEX8Ow5GYeD9A63b4JWyIgKKwKbd38XIp4zrSPphnB6Sr2blT4dNToQwryyZUn4jPdTP494aWliWxr2QfeIVr9NEWg2o2nC_2p5uP4fzXztfLSGAv1G1NOqEvSxVpQcr-jISnHFJtpn_itwNhrkFukUxE0Cqe9rB7oI9NpP5d_HC6Dvxetc8e\"><span style=\"text-decoration: underline\"><span style=\"color: #008080;text-decoration: underline\">www.oviedo.es\/Navid\u00e1<\/span><\/span><\/a><\/p>\n<ul>\n<li><a id=\"yui_patched_v3_11_0_1_1639517741164_485\" class=\"banner style1\" title=\"Ir a Programa de Navidad 21\/22\" href=\"http:\/\/www.oviedo.es\/documents\/25041\/1620370\/Programa+Navidad+2021.pdf\/2f4b906d-3eda-4331-8893-a1fb5bd0b0fb\" target=\"_blank\" rel=\"noopener\"><span class=\"title\">Programa de Navidad 21\/22<\/span><\/a><\/li>\n<\/ul>\n<p>&nbsp;<\/p>\n","protected":false},"excerpt":{"rendered":"<p>Esti vienres, va proyectase, por primer vegada&#8217;l videomapping \u201cUvi\u00e9u M\u00e1xica Navid\u00e1\u201d na fachada de la Ilesia de San Isidoro el Real. Pena que nun seya n&#8217;asturianu!<\/p>\n","protected":false},"author":117,"featured_media":0,"comment_status":"open","ping_status":"open","sticky":false,"template":"","format":"standard","meta":{"footnotes":""},"categories":[81,33],"tags":[],"class_list":["post-12016","post","type-post","status-publish","format-standard","hentry","category-nadal","category-uvieu"],"_links":{"self":[{"href":"https:\/\/edublog.educastur.es\/ixuxu\/wp-json\/wp\/v2\/posts\/12016","targetHints":{"allow":["GET"]}}],"collection":[{"href":"https:\/\/edublog.educastur.es\/ixuxu\/wp-json\/wp\/v2\/posts"}],"about":[{"href":"https:\/\/edublog.educastur.es\/ixuxu\/wp-json\/wp\/v2\/types\/post"}],"author":[{"embeddable":true,"href":"https:\/\/edublog.educastur.es\/ixuxu\/wp-json\/wp\/v2\/users\/117"}],"replies":[{"embeddable":true,"href":"https:\/\/edublog.educastur.es\/ixuxu\/wp-json\/wp\/v2\/comments?post=12016"}],"version-history":[{"count":5,"href":"https:\/\/edublog.educastur.es\/ixuxu\/wp-json\/wp\/v2\/posts\/12016\/revisions"}],"predecessor-version":[{"id":12116,"href":"https:\/\/edublog.educastur.es\/ixuxu\/wp-json\/wp\/v2\/posts\/12016\/revisions\/12116"}],"wp:attachment":[{"href":"https:\/\/edublog.educastur.es\/ixuxu\/wp-json\/wp\/v2\/media?parent=12016"}],"wp:term":[{"taxonomy":"category","embeddable":true,"href":"https:\/\/edublog.educastur.es\/ixuxu\/wp-json\/wp\/v2\/categories?post=12016"},{"taxonomy":"post_tag","embeddable":true,"href":"https:\/\/edublog.educastur.es\/ixuxu\/wp-json\/wp\/v2\/tags?post=12016"}],"curies":[{"name":"wp","href":"https:\/\/api.w.org\/{rel}","templated":true}]}}