{"id":12019,"date":"2021-12-13T09:30:40","date_gmt":"2021-12-13T07:30:40","guid":{"rendered":"https:\/\/edublog.educastur.es\/ixuxu\/?p=12019"},"modified":"2021-12-14T23:46:51","modified_gmt":"2021-12-14T21:46:51","slug":"a-la-venta-el-llibru-de-lablanera","status":"publish","type":"post","link":"https:\/\/edublog.educastur.es\/ixuxu\/2021\/12\/a-la-venta-el-llibru-de-lablanera\/","title":{"rendered":"A la venta el llibru de L&#8217;Ablanera"},"content":{"rendered":"<h3 class=\"post-title entry-title\" style=\"text-align: center\"><img loading=\"lazy\" decoding=\"async\" class=\"alignnone size-medium\" src=\"https:\/\/blogger.googleusercontent.com\/img\/a\/AVvXsEhOAqXtsmTbmSCGFugiAnbMlhjmY6BC4tlTNxl1nC45CDgWk6nrKj5bWqHv7rkOOkQmaTExmcjmqg4wgcDunN7KourNUXqkTyjIy57aSKlw6BUsVE7rQL08SaLQxnDXvSDZBX8_8925tPdNGF5xx3e0iffeu6tFMe1I_JCgukCkBNqtPJdDeicg3kdU=w400-h400\" width=\"400\" height=\"400\" \/><\/h3>\n<div class=\"post-body-container\">\n<div id=\"post-body-3399618112072831219\" class=\"post-body entry-content float-container\">\n<p>Estos d\u00edes y\u00e1 ta a la venta un nuevu llibu n&#8217;Asturies. Tr\u00e1tase del primer \u00e1lbum ilustr\u00e1u del simp\u00e1ticu personaxe de L&#8217;Ablanera, creada pol escritor y ilustrador, <span style=\"color: #008080\"><strong><a style=\"color: #008080\" href=\"https:\/\/ablanera.blogspot.com\">Enrique Carballeira<\/a><\/strong><\/span> y recueye la lleenda d&#8217;esti personaxe, asina como tres histories nes que podemos afondar nun universu de biesques, montes, maxa y personaxes mui orixinales.<\/p>\n<h3 class=\"post-title entry-title\"><!--more--><\/h3>\n<p><span style=\"color: #008080\"><b>\u00b7 Fada de la biesca<\/b><\/span><\/p>\n<p>L&#8217;Ablanera ye una fada, una bruxa bona de la biesca asturiana. Recueye ablanes y almac\u00e9nales pa repartiles na nueche de Navid\u00e1, xunto con sacos de regalos, per toles cases d&#8217;Asturies.<\/p>\n<p>Am\u00e1s de nesti llibru, el personaxe apaeci\u00f3 en dellos cap\u00edtulos de \u00abLos Cuentos de Trazu Sueltu\u00bb, emit\u00edos pol canal de televisi\u00f3n online \u00abPlayPresta\u00bb y fechos pol autor. El nuevu llibru cunta con ilustraciones a color y tien formatu cuadr\u00e1u, con 36 p\u00e1xines. Pue comprase online, pidi\u00e9ndolu per email, o nes tiendes de l&#8217;Infiestu \u00abLibrer\u00eda Rima\u00bb, \u00abCarmel\u00bb y \u00abLibrer\u00eda Jambrina\u00bb.<\/p>\n<div class=\"separator\"><\/div>\n<\/div>\n<\/div>\n<p>&nbsp;<\/p>\n","protected":false},"excerpt":{"rendered":"<p>Estos d\u00edes y\u00e1 ta a la venta un nuevu llibu n&#8217;Asturies. Tr\u00e1tase del primer \u00e1lbum ilustr\u00e1u del simp\u00e1ticu personaxe de L&#8217;Ablanera, creada pol escritor y ilustrador, Enrique Carballeira y recueye la lleenda d&#8217;esti personaxe, asina como tres histories nes que podemos afondar nun universu de biesques, montes, maxa y personaxes mui orixinales.<\/p>\n","protected":false},"author":117,"featured_media":0,"comment_status":"open","ping_status":"open","sticky":false,"template":"","format":"standard","meta":{"footnotes":""},"categories":[10,1],"tags":[],"class_list":["post-12019","post","type-post","status-publish","format-standard","hentry","category-llibros-reciella","category-sin-categoria"],"_links":{"self":[{"href":"https:\/\/edublog.educastur.es\/ixuxu\/wp-json\/wp\/v2\/posts\/12019","targetHints":{"allow":["GET"]}}],"collection":[{"href":"https:\/\/edublog.educastur.es\/ixuxu\/wp-json\/wp\/v2\/posts"}],"about":[{"href":"https:\/\/edublog.educastur.es\/ixuxu\/wp-json\/wp\/v2\/types\/post"}],"author":[{"embeddable":true,"href":"https:\/\/edublog.educastur.es\/ixuxu\/wp-json\/wp\/v2\/users\/117"}],"replies":[{"embeddable":true,"href":"https:\/\/edublog.educastur.es\/ixuxu\/wp-json\/wp\/v2\/comments?post=12019"}],"version-history":[{"count":4,"href":"https:\/\/edublog.educastur.es\/ixuxu\/wp-json\/wp\/v2\/posts\/12019\/revisions"}],"predecessor-version":[{"id":12023,"href":"https:\/\/edublog.educastur.es\/ixuxu\/wp-json\/wp\/v2\/posts\/12019\/revisions\/12023"}],"wp:attachment":[{"href":"https:\/\/edublog.educastur.es\/ixuxu\/wp-json\/wp\/v2\/media?parent=12019"}],"wp:term":[{"taxonomy":"category","embeddable":true,"href":"https:\/\/edublog.educastur.es\/ixuxu\/wp-json\/wp\/v2\/categories?post=12019"},{"taxonomy":"post_tag","embeddable":true,"href":"https:\/\/edublog.educastur.es\/ixuxu\/wp-json\/wp\/v2\/tags?post=12019"}],"curies":[{"name":"wp","href":"https:\/\/api.w.org\/{rel}","templated":true}]}}