{"id":12029,"date":"2021-12-14T11:00:41","date_gmt":"2021-12-14T09:00:41","guid":{"rendered":"https:\/\/edublog.educastur.es\/ixuxu\/?p=12029"},"modified":"2021-12-14T23:53:05","modified_gmt":"2021-12-14T21:53:05","slug":"les-zones-verdes-son-bones-para-la-salu","status":"publish","type":"post","link":"https:\/\/edublog.educastur.es\/ixuxu\/2021\/12\/les-zones-verdes-son-bones-para-la-salu\/","title":{"rendered":"Les zones verdes son bones para la sal\u00fa"},"content":{"rendered":"<p style=\"text-align: center\"><a href=\"https:\/\/tinypix.top\/images\/2021\/12\/14\/SyhEq.png\"><img loading=\"lazy\" decoding=\"async\" class=\"alignnone\" src=\"https:\/\/tinypix.top\/images\/2021\/12\/14\/SyhEq.png\" alt=\"\" width=\"556\" height=\"556\" \/><\/a><\/p>\n<p><span style=\"text-decoration: underline\">Les zones verdes son bones para la sal\u00fa porque:<\/span><\/p>\n<ul>\n<li>\u00a0Meng\u00fcen el riesgu d&#8217;enfermed\u00e1 metab\u00f3lica y cardiovascular.<\/li>\n<li>Amenorguen l&#8217;estr\u00e9s.<\/li>\n<li>Ameyoren la sal\u00fa mental.<\/li>\n<li>Ciudaes verdes ? para un mundu m\u00e1s sanu ?<\/li>\n<\/ul>\n<p><a href=\"https:\/\/www.facebook.com\/fundacionbiodiversidad\/photos\/a.397691103704\/10159045462263705\/\">Fonte noticia: Fundaci\u00f3n Biodiversid\u00e1<\/a><\/p>\n<p>&nbsp;<\/p>\n","protected":false},"excerpt":{"rendered":"<p>Les zones verdes son bones para la sal\u00fa porque: \u00a0Meng\u00fcen el riesgu d&#8217;enfermed\u00e1 metab\u00f3lica y cardiovascular. Amenorguen l&#8217;estr\u00e9s. Ameyoren la sal\u00fa mental. Ciudaes verdes ? para un mundu m\u00e1s sanu ? Fonte noticia: Fundaci\u00f3n Biodiversid\u00e1 &nbsp;<\/p>\n","protected":false},"author":117,"featured_media":0,"comment_status":"open","ping_status":"open","sticky":false,"template":"","format":"standard","meta":{"footnotes":""},"categories":[4],"tags":[],"class_list":["post-12029","post","type-post","status-publish","format-standard","hentry","category-natura"],"_links":{"self":[{"href":"https:\/\/edublog.educastur.es\/ixuxu\/wp-json\/wp\/v2\/posts\/12029","targetHints":{"allow":["GET"]}}],"collection":[{"href":"https:\/\/edublog.educastur.es\/ixuxu\/wp-json\/wp\/v2\/posts"}],"about":[{"href":"https:\/\/edublog.educastur.es\/ixuxu\/wp-json\/wp\/v2\/types\/post"}],"author":[{"embeddable":true,"href":"https:\/\/edublog.educastur.es\/ixuxu\/wp-json\/wp\/v2\/users\/117"}],"replies":[{"embeddable":true,"href":"https:\/\/edublog.educastur.es\/ixuxu\/wp-json\/wp\/v2\/comments?post=12029"}],"version-history":[{"count":1,"href":"https:\/\/edublog.educastur.es\/ixuxu\/wp-json\/wp\/v2\/posts\/12029\/revisions"}],"predecessor-version":[{"id":12030,"href":"https:\/\/edublog.educastur.es\/ixuxu\/wp-json\/wp\/v2\/posts\/12029\/revisions\/12030"}],"wp:attachment":[{"href":"https:\/\/edublog.educastur.es\/ixuxu\/wp-json\/wp\/v2\/media?parent=12029"}],"wp:term":[{"taxonomy":"category","embeddable":true,"href":"https:\/\/edublog.educastur.es\/ixuxu\/wp-json\/wp\/v2\/categories?post=12029"},{"taxonomy":"post_tag","embeddable":true,"href":"https:\/\/edublog.educastur.es\/ixuxu\/wp-json\/wp\/v2\/tags?post=12029"}],"curies":[{"name":"wp","href":"https:\/\/api.w.org\/{rel}","templated":true}]}}