{"id":12060,"date":"2021-12-16T18:00:01","date_gmt":"2021-12-16T16:00:01","guid":{"rendered":"https:\/\/edublog.educastur.es\/ixuxu\/?p=12060"},"modified":"2021-12-18T13:14:15","modified_gmt":"2021-12-18T11:14:15","slug":"los-mazcaritos-duvieu-en-direuto-en-la-llegra","status":"publish","type":"post","link":"https:\/\/edublog.educastur.es\/ixuxu\/2021\/12\/los-mazcaritos-duvieu-en-direuto-en-la-llegra\/","title":{"rendered":"\u201cMazcaritos d\u2019Uvi\u00e9u\u201d recupera l\u2019antroxu tradicional nel conceyu d\u2019Uvi\u00e9u"},"content":{"rendered":"<div class=\"tdb-block-inner td-fix-index\">\n<p style=\"text-align: center\"><a href=\"https:\/\/www.nortes.me\/wp-content\/uploads\/2021\/12\/photo1639500198-scaled.jpeg\"><img loading=\"lazy\" decoding=\"async\" class=\"alignnone\" src=\"https:\/\/www.nortes.me\/wp-content\/uploads\/2021\/12\/photo1639500198-scaled.jpeg\" alt=\"\" width=\"1200\" height=\"800\" \/><\/a><\/p>\n<p style=\"text-align: center\"><em>Semeya d&#8217;Iv\u00e1n G. Fern\u00e1ndez<\/em><\/p>\n<div class=\"td_block_wrap tdb_single_subtitle tdi_66 td-pb-border-top td_block_template_1\" data-td-block-uid=\"tdi_66\">\n<div class=\"tdb-block-inner td-fix-index\">\n<p>Nuna ciud\u00e1 onde\u2019l propiu ayuntamientu inora l\u2019antroxu, una asociaci\u00f3n busca caltenelu vivu. Frente a esto, <span style=\"color: #008080\">l\u2019asociaci\u00f3n \u201cMazcaritos d\u2019Uvi\u00e9u\u201d <strong>plant\u00e9gase recuperar la tradici\u00f3n uvie\u00edna venceyada al antroxu llocal<\/strong>.<\/span> D\u2019esti mou, busquen recuperar les mazcaraes urbanes qu\u2019hab\u00eda n\u2019Uvi\u00e9u\u2019l sieglu pas\u00e1u y de les que y\u00e1 dexare constancia\u2019l famosu pintor Evaristo Valle en 1928.<\/p>\n<\/div>\n<\/div>\n<ul>\n<li><a href=\"https:\/\/www.nortes.me\/2021\/12\/14\/mazcaritos-duvieu-recupera-lantroxu-tradicional-nel-conceyu-duvieu\/?fbclid=IwAR2qIEz9j2dtj-eQtYgElgoceWEH0xr0RWfuL9ZjZ8-XsOgOBIGeI_fI5Xg\">Fonte noticias: Nortes.me<\/a> \/<\/li>\n<li>Marcaritos d&#8217;Uvi\u00e9u \/ <a href=\"https:\/\/edublog.educastur.es\/ixuxullingua\/asturies\/aguilandeiros\/mazcaritos-duvieu\/\">Mazcaritos d&#8217;Uvi\u00e9u<\/a><\/li>\n<\/ul>\n<p><!--more--><\/p>\n<p>Los mazcaritos d\u2019Uvi\u00e9u presenten semeyances con otres mazcaraes d\u2019hibiernu d\u2019Asturies como los Sidros y Comedies.<\/p>\n<p>Acordies cola investigaci\u00f3n hest\u00f3rica, paez ser que l\u2019orixe tar\u00eda nes carroces y moxigangues del Corpus del sieglu XVII, l\u2019antroxu popular y carnaval burgu\u00e9s del XIX que, col tiempu, tar\u00eden <strong>a piques de desapaecer por mor de les torgues franquistes del sieglu XX.<\/strong><\/p>\n<p>La primer vez que volvieron los Mazcaritos foi nel antroxu de 2017, onde se volvi\u00f3 a recuperar esta pr\u00e1utica pel barriu Antiguo, participando nos Alcuentros de Mazcaraes d\u2019Hibiernu de Valdesoto y nel Festival de M\u00e1scara Ib\u00e9rica de Lisboa (2017,2018 y 2019). La presentaci\u00f3n del artista \u00c1nxel Nava, cabezaleru del coleutivu y autor de la investigaci\u00f3n, acomp\u00e1\u00f1ase con m\u00fasica de zanfona (Celia Gonz\u00e1lez Baschwitz) y personaxes antroxando.<\/p>\n<p>Esta xornada prestosa de divulgaci\u00f3n va desendolcase nel <strong>Llar La Llegra<\/strong> (Cai\u00a0 El Postigu Baxu 40, Uvi\u00e9u) esti xueves a les 19:30h.<\/p>\n<\/div>\n<p style=\"text-align: center\">\n<!-- iframe plugin v.6.0 wordpress.org\/plugins\/iframe\/ -->\n<iframe loading=\"lazy\" width=\"100%\" height=\"395\" src=\"https:\/\/www.youtube.com\/embed\/UDpLH1I1tn4\" 0=\"\/iframe\" scrolling=\"yes\" class=\"iframe-class\" frameborder=\"0\"><\/iframe>\n<\/p>\n<p style=\"text-align: center\"><a href=\"https:\/\/edublog.educastur.es\/ixuxullingua\/asturies\/aguilandeiros\/mazcaritos-duvieu\/\">Mazcaritos d&#8217;Uvi\u00e9u<\/a><\/p>\n","protected":false},"excerpt":{"rendered":"<p>Semeya d&#8217;Iv\u00e1n G. Fern\u00e1ndez Nuna ciud\u00e1 onde\u2019l propiu ayuntamientu inora l\u2019antroxu, una asociaci\u00f3n busca caltenelu vivu. Frente a esto, l\u2019asociaci\u00f3n \u201cMazcaritos d\u2019Uvi\u00e9u\u201d plant\u00e9gase recuperar la tradici\u00f3n uvie\u00edna venceyada al antroxu llocal. D\u2019esti mou, busquen recuperar les mazcaraes urbanes qu\u2019hab\u00eda n\u2019Uvi\u00e9u\u2019l sieglu pas\u00e1u y de les que y\u00e1 dexare constancia\u2019l famosu pintor Evaristo Valle en 1928. [&hellip;]<\/p>\n","protected":false},"author":117,"featured_media":0,"comment_status":"open","ping_status":"open","sticky":false,"template":"","format":"standard","meta":{"footnotes":""},"categories":[103],"tags":[],"class_list":["post-12060","post","type-post","status-publish","format-standard","hentry","category-mazcaraes"],"_links":{"self":[{"href":"https:\/\/edublog.educastur.es\/ixuxu\/wp-json\/wp\/v2\/posts\/12060","targetHints":{"allow":["GET"]}}],"collection":[{"href":"https:\/\/edublog.educastur.es\/ixuxu\/wp-json\/wp\/v2\/posts"}],"about":[{"href":"https:\/\/edublog.educastur.es\/ixuxu\/wp-json\/wp\/v2\/types\/post"}],"author":[{"embeddable":true,"href":"https:\/\/edublog.educastur.es\/ixuxu\/wp-json\/wp\/v2\/users\/117"}],"replies":[{"embeddable":true,"href":"https:\/\/edublog.educastur.es\/ixuxu\/wp-json\/wp\/v2\/comments?post=12060"}],"version-history":[{"count":7,"href":"https:\/\/edublog.educastur.es\/ixuxu\/wp-json\/wp\/v2\/posts\/12060\/revisions"}],"predecessor-version":[{"id":12154,"href":"https:\/\/edublog.educastur.es\/ixuxu\/wp-json\/wp\/v2\/posts\/12060\/revisions\/12154"}],"wp:attachment":[{"href":"https:\/\/edublog.educastur.es\/ixuxu\/wp-json\/wp\/v2\/media?parent=12060"}],"wp:term":[{"taxonomy":"category","embeddable":true,"href":"https:\/\/edublog.educastur.es\/ixuxu\/wp-json\/wp\/v2\/categories?post=12060"},{"taxonomy":"post_tag","embeddable":true,"href":"https:\/\/edublog.educastur.es\/ixuxu\/wp-json\/wp\/v2\/tags?post=12060"}],"curies":[{"name":"wp","href":"https:\/\/api.w.org\/{rel}","templated":true}]}}