{"id":12117,"date":"2021-12-18T09:10:16","date_gmt":"2021-12-18T07:10:16","guid":{"rendered":"https:\/\/edublog.educastur.es\/ixuxu\/?p=12117"},"modified":"2021-12-18T11:20:12","modified_gmt":"2021-12-18T09:20:12","slug":"12117","status":"publish","type":"post","link":"https:\/\/edublog.educastur.es\/ixuxu\/2021\/12\/12117\/","title":{"rendered":"Pantone inventa un nuevu color para&#8217;l 2022: Very Peri"},"content":{"rendered":"<p style=\"text-align: center\"><a href=\"https:\/\/www.pantone.com\/media\/wysiwyg\/color-of-the-year\/2022\/pantone-color-of-the-year-2022-very-peri-banner.jpg\"><img loading=\"lazy\" decoding=\"async\" class=\"alignnone\" src=\"https:\/\/www.pantone.com\/media\/wysiwyg\/color-of-the-year\/2022\/pantone-color-of-the-year-2022-very-peri-banner.jpg\" alt=\"\" width=\"2560\" height=\"700\" \/><\/a><\/p>\n<p>L&#8217;<span style=\"color: #008080\"><strong>Institutu Pantone<\/strong><\/span> desvel\u00f3&#8217;l tonu que va marcar el pr\u00f3ximu a\u00f1u seg\u00fan los sos estudios: <strong><span style=\"color: #800080\">Very Peri<\/span><\/strong>: en qu\u00e9 s&#8217;inspira y c\u00f3mo combinalo. Ye unu amiestu ente un azul y un lila.<\/p>\n<ul>\n<li>Fonte noticia:<a href=\"https:\/\/www.lavanguardia.com\/de-moda\/20211210\/7921046\/pantone-inventa-nuevo-color-2022.html?fbclid=IwAR2-Yrfn5ODXnL3NFJoIpMe0JIELzT7OCb0fMJ_tTSAZ-IpMXHpqRJC3KSM\"> La Vanguardia<\/a> \/<\/li>\n<li>PANTONE 17-3938 Very Peri \/ Pantone \/ <a href=\"https:\/\/www.pantone.com\/eu\/es\/color-of-the-year-2022-paletas-de-color\">combinaciones<\/a> \/ <a href=\"https:\/\/www.pantone.com\/eu\/es\/color-of-the-year-2022-paletas-de-color\">Color of the year<\/a> \/\u00a0 <a href=\"https:\/\/edublog.educastur.es\/ixuxu\/2020\/12\/pantone-2021\/\">IXUXU: Pantone 2021<\/a> \/<\/li>\n<\/ul>\n<p><!--more--><\/p>\n<p style=\"text-align: center\"><a href=\"https:\/\/graffica.info\/wp-content\/uploads\/2021\/12\/pantone-color-of-the-year-2022-for-fashion-1024x578.jpeg\"><img loading=\"lazy\" decoding=\"async\" class=\"alignnone\" src=\"https:\/\/graffica.info\/wp-content\/uploads\/2021\/12\/pantone-color-of-the-year-2022-for-fashion-1024x578.jpeg\" alt=\"\" width=\"1024\" height=\"578\" \/><\/a><\/p>\n<p>Bautiz\u00e1u como Very Peri, el color del 2022 <strong><span style=\"color: #008080\">muevese ente l&#8217;azul, la lila y el rosa<\/span><\/strong>, dando llugar a un tonu optimista al empar que templ\u00e1u inspir\u00e1u na naturaleza cambiante.<\/p>\n<p style=\"text-align: center\"><a href=\"https:\/\/www.pantone.com\/media\/aw_rbslider\/slides\/pantone-color-of-the-year-2022-homepage-es.jpg\"><img loading=\"lazy\" decoding=\"async\" class=\"alignnone\" src=\"https:\/\/www.pantone.com\/media\/aw_rbslider\/slides\/pantone-color-of-the-year-2022-homepage-es.jpg\" alt=\"\" width=\"2560\" height=\"700\" \/><\/a><\/p>\n<p><em><span style=\"color: #008080\"> \u00abUn tonu azul b\u00edgaru, din\u00e1micu, con un matiz color\u00e1u violeta vivificante que combina la fidelid\u00e1 y la constancia del azul cola enerx\u00eda y l&#8217;emoci\u00f3n del collor\u00e1u\u00bb<\/span><\/em>, describe en nota de prensa l&#8217;equipu creativu del Institutu Pantone.<br \/>\nEl tonu Pantone busca esquizar nel constante tresformamientu de la naturaleza y de los tiempos que cuerren.<\/p>\n<p style=\"text-align: center\"><a href=\"https:\/\/www.lavanguardia.com\/files\/og_thumbnail\/files\/fp\/uploads\/2021\/12\/10\/61b374ed224e3.r_d.541-636-0.jpeg\"><img loading=\"lazy\" decoding=\"async\" class=\"alignnone\" src=\"https:\/\/www.lavanguardia.com\/files\/image_948_465\/files\/fp\/uploads\/2021\/12\/10\/61b374ed224e3.r_d.541-636-8778.jpeg\" alt=\"\" width=\"948\" height=\"465\" \/><\/a><\/p>\n<p style=\"text-align: center\"><em>Cortes\u00eda del Institutu Pantone.<\/em><\/p>\n<p>Pa celebrar l&#8217;anunciu y empezar a introducir esti color nel armariu y la mente de la poblaci\u00f3n, l&#8217;Institutu Pantone collabor\u00f3 con Artechouse pa crear una esperiencia dixital inmersiva col color Very Pery como protagonista. L&#8217;espaciu asiti\u00e1u nuna sala de calderes centenaria en Nueva York, debaxo del Chelsea Market, sirvi\u00f3 como tel\u00f3n de fondu pa la instalaci\u00f3n d&#8217;arte que materializaba l&#8217;anunciu de Pantone.<\/p>\n<p><a href=\"https:\/\/www.lavanguardia.com\/files\/content_image_desktop_filter\/uploads\/2021\/12\/10\/61b37ebfc57ba.jpeg\"><img loading=\"lazy\" decoding=\"async\" class=\"alignnone\" src=\"https:\/\/www.lavanguardia.com\/files\/content_image_desktop_filter\/uploads\/2021\/12\/10\/61b37ebfc57ba.jpeg\" alt=\"\" width=\"270\" height=\"338\" \/><\/a>\/<\/p>\n<p>Esti innovador color azul\u00e1u ye seg\u00fan Pantone \u00abel m\u00e1s allegre y templ\u00e1u de tolos azules\u00bb ya introduz n\u00e9l una creativa y novedosu amiestu. Para combinalo la casa prop\u00f3n tonos como&#8217;l beige, el verde felechu, o na busca de contraste, el rosa palu, el granate o&#8217;l naranxa salm\u00f3n.<\/p>\n<p style=\"text-align: center\"><a href=\"https:\/\/www.lavanguardia.com\/files\/content_image_desktop_filter\/uploads\/2021\/12\/10\/61b37da07793b.jpeg\"><img loading=\"lazy\" decoding=\"async\" class=\"alignnone\" src=\"https:\/\/www.lavanguardia.com\/files\/content_image_desktop_filter\/uploads\/2021\/12\/10\/61b37da07793b.jpeg\" alt=\"\" width=\"544\" height=\"367\" \/><\/a><\/p>\n<p style=\"text-align: center\"><a href=\"https:\/\/metro.co.uk\/wp-content\/uploads\/2021\/12\/PRC_214217857.jpg?quality=90&amp;strip=all&amp;w=1200&amp;h=630&amp;crop=1\"><img loading=\"lazy\" decoding=\"async\" class=\"alignnone\" src=\"https:\/\/metro.co.uk\/wp-content\/uploads\/2021\/12\/PRC_214217857.jpg?quality=90&amp;strip=all&amp;w=1200&amp;h=630&amp;crop=1\" alt=\"\" width=\"1200\" height=\"630\" \/><\/a><\/p>\n<p style=\"text-align: center\"><a href=\"https:\/\/static.dezeen.com\/uploads\/2021\/12\/pantone-colour-2022-very-peri-design-news_dezeen_2364_col_hero.jpg\"><img loading=\"lazy\" decoding=\"async\" class=\"alignnone\" src=\"https:\/\/static.dezeen.com\/uploads\/2021\/12\/pantone-colour-2022-very-peri-design-news_dezeen_2364_col_hero.jpg\" alt=\"\" width=\"2364\" height=\"1330\" \/><\/a><\/p>\n<p style=\"text-align: center\"><a href=\"https:\/\/www.pantone.com\/media\/wysiwyg\/blog\/new-cmyk-guide\/pantone-graphics-new-cmyk-guide-main-image-EMEA.jpg\"><img loading=\"lazy\" decoding=\"async\" class=\"alignnone\" src=\"https:\/\/www.pantone.com\/media\/wysiwyg\/blog\/new-cmyk-guide\/pantone-graphics-new-cmyk-guide-main-image-EMEA.jpg\" alt=\"\" width=\"2560\" height=\"700\" \/><\/a><\/p>\n<p style=\"text-align: center\">\n<!-- iframe plugin v.6.0 wordpress.org\/plugins\/iframe\/ -->\n<iframe loading=\"lazy\" width=\"100%\" height=\"395\" src=\"https:\/\/www.youtube.com\/embed\/Bo9cZ9NWkV4\" 0=\"\/iframe\" scrolling=\"yes\" class=\"iframe-class\" frameborder=\"0\"><\/iframe>\n<\/p>\n<p style=\"text-align: center\">\n<!-- iframe plugin v.6.0 wordpress.org\/plugins\/iframe\/ -->\n<iframe loading=\"lazy\" width=\"100%\" height=\"395\" src=\"https:\/\/www.youtube.com\/embed\/jHF7MTho2Wg\" 0=\"\/iframe\" scrolling=\"yes\" class=\"iframe-class\" frameborder=\"0\"><\/iframe>\n<\/p>\n","protected":false},"excerpt":{"rendered":"<p>L&#8217;Institutu Pantone desvel\u00f3&#8217;l tonu que va marcar el pr\u00f3ximu a\u00f1u seg\u00fan los sos estudios: Very Peri: en qu\u00e9 s&#8217;inspira y c\u00f3mo combinalo. Ye unu amiestu ente un azul y un lila. Fonte noticia: La Vanguardia \/ PANTONE 17-3938 Very Peri \/ Pantone \/ combinaciones \/ Color of the year \/\u00a0 IXUXU: Pantone 2021 \/<\/p>\n","protected":false},"author":117,"featured_media":0,"comment_status":"open","ping_status":"open","sticky":false,"template":"","format":"standard","meta":{"footnotes":""},"categories":[91,25],"tags":[],"class_list":["post-12117","post","type-post","status-publish","format-standard","hentry","category-collores","category-curiosidaes"],"_links":{"self":[{"href":"https:\/\/edublog.educastur.es\/ixuxu\/wp-json\/wp\/v2\/posts\/12117","targetHints":{"allow":["GET"]}}],"collection":[{"href":"https:\/\/edublog.educastur.es\/ixuxu\/wp-json\/wp\/v2\/posts"}],"about":[{"href":"https:\/\/edublog.educastur.es\/ixuxu\/wp-json\/wp\/v2\/types\/post"}],"author":[{"embeddable":true,"href":"https:\/\/edublog.educastur.es\/ixuxu\/wp-json\/wp\/v2\/users\/117"}],"replies":[{"embeddable":true,"href":"https:\/\/edublog.educastur.es\/ixuxu\/wp-json\/wp\/v2\/comments?post=12117"}],"version-history":[{"count":11,"href":"https:\/\/edublog.educastur.es\/ixuxu\/wp-json\/wp\/v2\/posts\/12117\/revisions"}],"predecessor-version":[{"id":12128,"href":"https:\/\/edublog.educastur.es\/ixuxu\/wp-json\/wp\/v2\/posts\/12117\/revisions\/12128"}],"wp:attachment":[{"href":"https:\/\/edublog.educastur.es\/ixuxu\/wp-json\/wp\/v2\/media?parent=12117"}],"wp:term":[{"taxonomy":"category","embeddable":true,"href":"https:\/\/edublog.educastur.es\/ixuxu\/wp-json\/wp\/v2\/categories?post=12117"},{"taxonomy":"post_tag","embeddable":true,"href":"https:\/\/edublog.educastur.es\/ixuxu\/wp-json\/wp\/v2\/tags?post=12117"}],"curies":[{"name":"wp","href":"https:\/\/api.w.org\/{rel}","templated":true}]}}