{"id":12129,"date":"2021-12-18T11:23:49","date_gmt":"2021-12-18T09:23:49","guid":{"rendered":"https:\/\/edublog.educastur.es\/ixuxu\/?p=12129"},"modified":"2021-12-18T11:56:44","modified_gmt":"2021-12-18T09:56:44","slug":"12129","status":"publish","type":"post","link":"https:\/\/edublog.educastur.es\/ixuxu\/2021\/12\/12129\/","title":{"rendered":"Con enorme tristeza\/murnia despid\u00edmonos d&#8217;Adela Turin"},"content":{"rendered":"<p style=\"text-align: center\"><a href=\"https:\/\/www.kalandraka.com\/pub\/media\/wysiwyg\/AdelaTurinDEP_dic21-min.jpg\"><img loading=\"lazy\" decoding=\"async\" class=\"alignnone\" src=\"https:\/\/www.kalandraka.com\/pub\/media\/wysiwyg\/AdelaTurinDEP_dic21-min.jpg\" alt=\"\" width=\"1364\" height=\"1024\" \/><\/a><\/p>\n<p>Con enorme tristeza\/murnia despid\u00edmonos da autora italiana <strong><span style=\"color: #008080\">Adela Turin<\/span><\/strong>, que fin\u00f3 la xornada pasada en Reinu Un\u00edu a los 82 a\u00f1os&#8230; Pionera nel tratamientu de la <strong><span style=\"color: #008080\">coeducaci\u00f3n y l&#8217;iguald\u00e1<\/span><\/strong> al travi\u00e9s de la Lliteratura Infantil y Xuvenil.<\/p>\n<ul>\n<li><a href=\"https:\/\/5ovejasnegras.wordpress.com\/2016\/03\/08\/adela-turin\/\"><span style=\"color: #008080\"><strong>Adela Tur\u00edn<\/strong><\/span><\/a>: wiki \/ <a href=\"https:\/\/www.google.com\/search?q=adela+turin&amp;client=firefox-b-d&amp;sxsrf=AOaemvLq42SluLNe9xlBk4j1rHIi7id2yQ:1639820065215&amp;source=lnms&amp;tbm=isch&amp;sa=X&amp;ved=2ahUKEwjq3u3jhe30AhWjD2MBHWMuC9EQ_AUoAnoECAIQBA&amp;biw=1536&amp;bih=739&amp;dpr=1.25\">semeyes<\/a> \/ <a href=\"https:\/\/www.serpadres.es\/familia\/tiempo-libre\/fotos\/cuentos-infantiles-adela-turin-pionera-perspectiva-genero-361639660305\">Ser Padres<\/a> \/<\/li>\n<li><a href=\"https:\/\/www.kalandraka.com\/autores\/turin-adela?fbclid=IwAR0ZMyr0Fa4SgTmvS7KWEKjSbUp89rSuis9Qo6gNu6mTx10qGmFrbsDJIe4\">Editorial Kalandraka<\/a> <a href=\"https:\/\/www.serpadres.es\/familia\/tiempo-libre\/fotos\/cuentos-infantiles-adela-turin-pionera-perspectiva-genero-361639660305\/3\">llibros d&#8217;Adela<\/a> \/ <a href=\"https:\/\/www.kalandraka.com\/blogk\/post\/adela-turin-in-memoriam?fbclid=IwAR0eat_isF3cIkYupO_g_pBFpLyZRaaZmioXvfwD-PuWhz6rGG-Mwpgg_yQ\">In Memoriam<\/a> \/<\/li>\n<li>\u00ab<a href=\"https:\/\/www.kalandraka.com\/rosa_caramelo-978-84-8464-798-0-castellano-1384.html\" target=\"_blank\" rel=\"noopener\">Rosa caramelo<\/a>\u00bb, \u00ab<a href=\"https:\/\/www.kalandraka.com\/arturo_y_clementina-978-84-8464-789-8-castellano-1328.html\" target=\"_blank\" rel=\"noopener\">Arturo y Clementina\u00bb<\/a>, \u00ab<a href=\"https:\/\/www.kalandraka.com\/una_feliz_catastrofe-978-84-8464-887-1-castellano-1804.html\" target=\"_blank\" rel=\"noopener\">Una feliz cat\u00e1strofe\u00bb<\/a>, \u00ab<a href=\"https:\/\/www.kalandraka.com\/la_historia_de_los_bonobos_con_gafas-978-84-8464-831-4-castellano-1684.html\" target=\"_blank\" rel=\"noopener\">La historia de los bonobos con gafas\u00bb<\/a>&#8230;<\/li>\n<\/ul>\n<p><!--more--><\/p>\n<p style=\"text-align: center\">\n<!-- iframe plugin v.6.0 wordpress.org\/plugins\/iframe\/ -->\n<iframe loading=\"lazy\" width=\"100%\" height=\"395\" src=\"https:\/\/www.youtube.com\/embed\/3bkRjJTG-0c\" 0=\"\/iframe\" scrolling=\"yes\" class=\"iframe-class\" frameborder=\"0\"><\/iframe>\n<\/p>\n<p>Qu\u00e9danos el so pervalible leg\u00e1u creativu, que tantu estimamos: <em>\u00abRosa carambelu\u00bb, \u00abArturo y Clementina\u00bb, \u00abUna feliz cat\u00e1strofe\u00bb, \u00abLa hestoria de los bonobos con gafes\u00bb.<\/em>.. llibros ilustraos por Nella Bosnia que, dende los a\u00f1os 70 y col lema &#8216;A favor de les ne\u00f1es&#8217;, contribuyeron -y siguen siendo ent\u00e1 tan necesarios- a poner en valor el rol femen\u00edn na socied\u00e1, erradicar los estereotipos sexistes y la discriminaci\u00f3n, camudar mentalidaes y construyir un mundu meyor. <em><span style=\"color: #008080\"><strong>Hasta siempres y Milenta gracies!!!<\/strong><\/span><\/em><\/p>\n<p><span style=\"color: #800080\"><strong>Rosa carambelu. <\/strong>Ye probablemente&#8217;l so cuentu infantil m\u00e1s famosu. Tami\u00e9n foi edit\u00e1u por Kalandraka de nuevu esta hestoria de la elefanta Margarita y les sos compa\u00f1eres de menada, toes cola piel rosa menos ella. Ye una obra a la que recurren como material educativo munchos docentes na actualid\u00e1.<\/span><\/p>\n<p style=\"text-align: center\">\n<!-- iframe plugin v.6.0 wordpress.org\/plugins\/iframe\/ -->\n<iframe loading=\"lazy\" width=\"100%\" height=\"395\" src=\"https:\/\/www.youtube.com\/embed\/MRNKzRDTcHY\" 0=\"\/iframe\" scrolling=\"yes\" class=\"iframe-class\" frameborder=\"0\"><\/iframe>\n<\/p>\n<p><span style=\"color: #800080\"><strong>Una feliz cat\u00e1strofe.<\/strong> Cunta la hestoria d&#8217;una familia de mures liderada pola se\u00f1ora Mure dempu\u00e9s de qu&#8217;una cat\u00e1strofe d\u00e9xe-yos ensin llar y camude radicalmente les sos vides.<\/span><\/p>\n<p style=\"text-align: center\">\n<!-- iframe plugin v.6.0 wordpress.org\/plugins\/iframe\/ -->\n<iframe loading=\"lazy\" width=\"100%\" height=\"395\" src=\"https:\/\/www.youtube.com\/embed\/phKnXI01Dz0\" 0=\"\/iframe\" scrolling=\"yes\" class=\"iframe-class\" frameborder=\"0\"><\/iframe>\n<\/p>\n<p><span style=\"color: #800080\"><strong>La hestoria de los bonobos con gafes.<\/strong> Los bonobos nun aceptaben que les femes de la familia pudieren aprender y evolucionar como ellos.<br \/>\n<\/span><\/p>\n<p style=\"text-align: center\">\n<!-- iframe plugin v.6.0 wordpress.org\/plugins\/iframe\/ -->\n<iframe loading=\"lazy\" width=\"100%\" height=\"395\" src=\"https:\/\/www.youtube.com\/embed\/yS8PNXxcLrU\" 0=\"\/iframe\" scrolling=\"yes\" class=\"iframe-class\" frameborder=\"0\"><\/iframe>\n<\/p>\n<p><span style=\"color: #800080\"><strong>Arturo y Clementina.<\/strong> Ye una de los cuatro obres reeditaes por Kalandraka de la m\u00edtica colecci\u00f3n \u00abA favor de les ne\u00f1es\u00bb. Esta f\u00e1bula reivindica&#8217;l rol femen\u00edn na socied\u00e1 y fomenta la iguald\u00e1 de x\u00e9neru denunciando la discriminaci\u00f3n.<\/span><\/p>\n<p style=\"text-align: center\">\n<!-- iframe plugin v.6.0 wordpress.org\/plugins\/iframe\/ -->\n<iframe loading=\"lazy\" width=\"100%\" height=\"395\" src=\"https:\/\/www.youtube.com\/embed\/YjHrjeZds4A\" 0=\"\/iframe\" scrolling=\"yes\" class=\"iframe-class\" frameborder=\"0\"><\/iframe>\n<\/p>\n<p>&nbsp;<\/p>\n","protected":false},"excerpt":{"rendered":"<p>Con enorme tristeza\/murnia despid\u00edmonos da autora italiana Adela Turin, que fin\u00f3 la xornada pasada en Reinu Un\u00edu a los 82 a\u00f1os&#8230; Pionera nel tratamientu de la coeducaci\u00f3n y l&#8217;iguald\u00e1 al travi\u00e9s de la Lliteratura Infantil y Xuvenil. Adela Tur\u00edn: wiki \/ semeyes \/ Ser Padres \/ Editorial Kalandraka llibros d&#8217;Adela \/ In Memoriam \/ \u00abRosa [&hellip;]<\/p>\n","protected":false},"author":117,"featured_media":0,"comment_status":"open","ping_status":"open","sticky":false,"template":"","format":"standard","meta":{"footnotes":""},"categories":[162,10],"tags":[],"class_list":["post-12129","post","type-post","status-publish","format-standard","hentry","category-dep","category-llibros-reciella"],"_links":{"self":[{"href":"https:\/\/edublog.educastur.es\/ixuxu\/wp-json\/wp\/v2\/posts\/12129","targetHints":{"allow":["GET"]}}],"collection":[{"href":"https:\/\/edublog.educastur.es\/ixuxu\/wp-json\/wp\/v2\/posts"}],"about":[{"href":"https:\/\/edublog.educastur.es\/ixuxu\/wp-json\/wp\/v2\/types\/post"}],"author":[{"embeddable":true,"href":"https:\/\/edublog.educastur.es\/ixuxu\/wp-json\/wp\/v2\/users\/117"}],"replies":[{"embeddable":true,"href":"https:\/\/edublog.educastur.es\/ixuxu\/wp-json\/wp\/v2\/comments?post=12129"}],"version-history":[{"count":15,"href":"https:\/\/edublog.educastur.es\/ixuxu\/wp-json\/wp\/v2\/posts\/12129\/revisions"}],"predecessor-version":[{"id":12144,"href":"https:\/\/edublog.educastur.es\/ixuxu\/wp-json\/wp\/v2\/posts\/12129\/revisions\/12144"}],"wp:attachment":[{"href":"https:\/\/edublog.educastur.es\/ixuxu\/wp-json\/wp\/v2\/media?parent=12129"}],"wp:term":[{"taxonomy":"category","embeddable":true,"href":"https:\/\/edublog.educastur.es\/ixuxu\/wp-json\/wp\/v2\/categories?post=12129"},{"taxonomy":"post_tag","embeddable":true,"href":"https:\/\/edublog.educastur.es\/ixuxu\/wp-json\/wp\/v2\/tags?post=12129"}],"curies":[{"name":"wp","href":"https:\/\/api.w.org\/{rel}","templated":true}]}}