{"id":12165,"date":"2021-01-01T09:10:07","date_gmt":"2021-01-01T07:10:07","guid":{"rendered":"https:\/\/edublog.educastur.es\/ixuxu\/?p=12165"},"modified":"2022-01-05T11:45:21","modified_gmt":"2022-01-05T09:45:21","slug":"calendariu-2022","status":"publish","type":"post","link":"https:\/\/edublog.educastur.es\/ixuxu\/2021\/01\/calendariu-2022\/","title":{"rendered":"Calendariu 2022 \u00abEl Xix\u00f3n de los 70\u00bb"},"content":{"rendered":"<div class=\"\" dir=\"auto\">\n<div class=\"\" dir=\"auto\">\n<div class=\"ecm0bbzt hv4rvrfc ihqw7lf3 dati1w0a\" data-ad-comet-preview=\"message\" data-ad-preview=\"message\">\n<div class=\"j83agx80 cbu4d94t ew0dbk1b irj2b8pg\">\n<div class=\"qzhwtbm6 knvmm38d\">\n<div class=\"kvgmc6g5 cxmmr5t8 oygrvhab hcukyx3x c1et5uql ii04i59q\">\n<div dir=\"auto\" style=\"text-align: center\"><a href=\"https:\/\/tinypix.top\/images\/2021\/12\/18\/SjCaO.jpg\"><img loading=\"lazy\" decoding=\"async\" class=\"alignnone\" src=\"https:\/\/tinypix.top\/images\/2021\/12\/18\/SjCaO.jpg\" alt=\"\" width=\"564\" height=\"488\" \/><\/a><\/div>\n<p><strong><span style=\"color: #008080\">\u00abXix\u00f3n. A\u00f1os 70\u00bb<\/span> <\/strong>ye la tema del calendariu de 2022 qu&#8217;edit\u00f3 la <a href=\"https:\/\/www.facebook.com\/ofillin\">Oficina de Normalizaci\u00f3n Lling\u00fc\u00edstica de Xix\u00f3n<\/a> y el <a href=\"https:\/\/www.gijon.es\/es\/directorio\/museu-del-pueblu-dasturies\">Mus\u00e9u del Pueblu d&#8217;Asturies.<\/a><\/p>\n<p><!--more--><br \/>\nEsta ilustr\u00e1u con trelce fotografies de la colecci\u00f3n del mus\u00e9u realizaes por Luis Aranda Iriarte, Luis Arg\u00fcelles S\u00e1nchez, Nebot, Semeya Karty y FOAT (Fotograf\u00eda A\u00e9rea y Terrestre).<\/p>\n<p style=\"text-align: center\">\n<!-- iframe plugin v.6.0 wordpress.org\/plugins\/iframe\/ -->\n<iframe loading=\"lazy\" src=\"https:\/\/drive.google.com\/file\/d\/19p9UUN2L-mYaKzNXKLZzcqVSc9IKskbx\/preview\" width=\"640\" height=\"860\" allow=\"autoplay\" 0=\"\/iframe\" scrolling=\"yes\" class=\"iframe-class\" frameborder=\"0\"><\/iframe>\n<\/p>\n<div class=\"kvgmc6g5 cxmmr5t8 oygrvhab hcukyx3x c1et5uql ii04i59q\">\n<ul>\n<li><span class=\"pq6dq46d tbxw36s4 knj5qynh kvgmc6g5 ditlmg2l oygrvhab nvdbi5me sf5mxxl7 gl3lb2sf hhz5lgdu\"><img loading=\"lazy\" decoding=\"async\" src=\"https:\/\/static.xx.fbcdn.net\/images\/emoji.php\/v9\/t25\/1.5\/16\/27a1.png\" alt=\"\u27a1\" width=\"16\" height=\"16\" \/><\/span> <a href=\"https:\/\/www.gijon.es\/es\/publicaciones\/calendariu-2022-semeyes-danguano?fbclid=IwAR3Z875HoBdcdG_un2vKm88wtnsxtauR28-KK4MnIfjKsL7tpnV5YH5mjLE\">Esti ye&#8217;l PDF que vais alcontrar nel c\u00f3digu QR<\/a> que ten\u00e9is nel nuestru calendariu de 2022: <a class=\"oajrlxb2 g5ia77u1 qu0x051f esr5mh6w e9989ue4 r7d6kgcz rq0escxv nhd2j8a9 nc684nl6 p7hjln8o kvgmc6g5 cxmmr5t8 oygrvhab hcukyx3x jb3vyjys rz4wbd8a qt6c0cv9 a8nywdso i1ao9s8h esuyzwwr f1sip0of lzcic4wl gpro0wi8 py34i1dx\" role=\"link\" href=\"https:\/\/www.gijon.es\/es\/publicaciones\/calendariu-2022-semeyes-danguano?fbclid=IwAR3Z875HoBdcdG_un2vKm88wtnsxtauR28-KK4MnIfjKsL7tpnV5YH5mjLE\" target=\"_blank\" rel=\"nofollow noopener\">https:\/\/www.gijon.es\/&#8230;\/calendariu-2022-semeyes-danguano<\/a><\/li>\n<\/ul>\n<\/div>\n<div class=\"cxmmr5t8 oygrvhab hcukyx3x c1et5uql o9v6fnle ii04i59q\">\n<ul>\n<li>Tr\u00e1tase de <span class=\"pq6dq46d tbxw36s4 knj5qynh kvgmc6g5 ditlmg2l oygrvhab nvdbi5me sf5mxxl7 gl3lb2sf hhz5lgdu\"><img loading=\"lazy\" decoding=\"async\" src=\"https:\/\/static.xx.fbcdn.net\/images\/emoji.php\/v9\/t93\/1.5\/16\/31_20e3.png\" alt=\"1\ufe0f\u20e3\" width=\"16\" height=\"16\" \/><\/span><span class=\"pq6dq46d tbxw36s4 knj5qynh kvgmc6g5 ditlmg2l oygrvhab nvdbi5me sf5mxxl7 gl3lb2sf hhz5lgdu\"><img loading=\"lazy\" decoding=\"async\" src=\"https:\/\/static.xx.fbcdn.net\/images\/emoji.php\/v9\/tb2\/1.5\/16\/32_20e3.png\" alt=\"2\ufe0f\u20e3\" width=\"16\" height=\"16\" \/><\/span> fotos perprestoses -realizaes pol alumn\u00e1u de fotograf\u00eda de la Universid\u00e1 Popular o U.p. Xix\u00f3n- qu&#8217;<span style=\"color: #008080\">amuesen l&#8217;est\u00e1u actual de los llugares qu&#8217;apaecen nel calendariu de 2022<\/span> (<span class=\"pq6dq46d tbxw36s4 knj5qynh kvgmc6g5 ditlmg2l oygrvhab nvdbi5me sf5mxxl7 gl3lb2sf hhz5lgdu\"><img loading=\"lazy\" decoding=\"async\" src=\"https:\/\/static.xx.fbcdn.net\/images\/emoji.php\/v9\/t37\/1.5\/16\/1f4f8.png\" alt=\"?\" width=\"16\" height=\"16\" \/><\/span>\u00ab<span style=\"color: #008080\"><strong>El Xix\u00f3n de los 70<\/strong><\/span>\u00ab<span class=\"pq6dq46d tbxw36s4 knj5qynh kvgmc6g5 ditlmg2l oygrvhab nvdbi5me sf5mxxl7 gl3lb2sf hhz5lgdu\"><img loading=\"lazy\" decoding=\"async\" src=\"https:\/\/static.xx.fbcdn.net\/images\/emoji.php\/v9\/t37\/1.5\/16\/1f4f8.png\" alt=\"?\" width=\"16\" height=\"16\" \/><\/span>), edit\u00e1u a comu\u00f1a ente la F. M. de Cultura, Educaci\u00f3n y Universid\u00e1 Popular y el Mus\u00e9u del Pueblu d&#8217;Asturies\u00a0 <span class=\"pq6dq46d tbxw36s4 knj5qynh kvgmc6g5 ditlmg2l oygrvhab nvdbi5me sf5mxxl7 gl3lb2sf hhz5lgdu\"><img loading=\"lazy\" decoding=\"async\" src=\"https:\/\/static.xx.fbcdn.net\/images\/emoji.php\/v9\/t93\/1.5\/16\/31_20e3.png\" alt=\"1\ufe0f\u20e3\" width=\"16\" height=\"16\" \/><\/span><span class=\"pq6dq46d tbxw36s4 knj5qynh kvgmc6g5 ditlmg2l oygrvhab nvdbi5me sf5mxxl7 gl3lb2sf hhz5lgdu\"><img loading=\"lazy\" decoding=\"async\" src=\"https:\/\/static.xx.fbcdn.net\/images\/emoji.php\/v9\/tb2\/1.5\/16\/32_20e3.png\" alt=\"2\ufe0f\u20e3\" width=\"16\" height=\"16\" \/><\/span> testos esplicativos con detalles <span class=\"pq6dq46d tbxw36s4 knj5qynh kvgmc6g5 ditlmg2l oygrvhab nvdbi5me sf5mxxl7 gl3lb2sf hhz5lgdu\"><img loading=\"lazy\" decoding=\"async\" src=\"https:\/\/static.xx.fbcdn.net\/images\/emoji.php\/v9\/t6b\/1.5\/16\/270f.png\" alt=\"\u270f\ufe0f\" width=\"16\" height=\"16\" \/><\/span><span class=\"pq6dq46d tbxw36s4 knj5qynh kvgmc6g5 ditlmg2l oygrvhab nvdbi5me sf5mxxl7 gl3lb2sf hhz5lgdu\"><img loading=\"lazy\" decoding=\"async\" src=\"https:\/\/static.xx.fbcdn.net\/images\/emoji.php\/v9\/t9b\/1.5\/16\/1f50e.png\" alt=\"?\" width=\"16\" height=\"16\" \/><\/span> mui interesantes de la evoluci\u00f3n de ca\u00fan d&#8217;esos llugares -realizaos dende la Oficina de Normalizaci\u00f3n Lling\u00fc\u00edstica-.<\/li>\n<\/ul>\n<\/div>\n<p style=\"text-align: center\"><a href=\"https:\/\/tinypix.top\/images\/2021\/12\/18\/SjHuo.jpg\"><img loading=\"lazy\" decoding=\"async\" class=\"alignnone\" src=\"https:\/\/tinypix.top\/images\/2021\/12\/18\/SjHuo.jpg\" alt=\"\" width=\"1107\" height=\"972\" \/><\/a><\/p>\n<\/div>\n<\/div>\n<\/div>\n<\/div>\n<\/div>\n<\/div>\n<p>&nbsp;<\/p>\n","protected":false},"excerpt":{"rendered":"<p>\u00abXix\u00f3n. A\u00f1os 70\u00bb ye la tema del calendariu de 2022 qu&#8217;edit\u00f3 la Oficina de Normalizaci\u00f3n Lling\u00fc\u00edstica de Xix\u00f3n y el Mus\u00e9u del Pueblu d&#8217;Asturies.<\/p>\n","protected":false},"author":117,"featured_media":0,"comment_status":"open","ping_status":"open","sticky":false,"template":"","format":"standard","meta":{"footnotes":""},"categories":[73],"tags":[],"class_list":["post-12165","post","type-post","status-publish","format-standard","hentry","category-calendariu"],"_links":{"self":[{"href":"https:\/\/edublog.educastur.es\/ixuxu\/wp-json\/wp\/v2\/posts\/12165","targetHints":{"allow":["GET"]}}],"collection":[{"href":"https:\/\/edublog.educastur.es\/ixuxu\/wp-json\/wp\/v2\/posts"}],"about":[{"href":"https:\/\/edublog.educastur.es\/ixuxu\/wp-json\/wp\/v2\/types\/post"}],"author":[{"embeddable":true,"href":"https:\/\/edublog.educastur.es\/ixuxu\/wp-json\/wp\/v2\/users\/117"}],"replies":[{"embeddable":true,"href":"https:\/\/edublog.educastur.es\/ixuxu\/wp-json\/wp\/v2\/comments?post=12165"}],"version-history":[{"count":6,"href":"https:\/\/edublog.educastur.es\/ixuxu\/wp-json\/wp\/v2\/posts\/12165\/revisions"}],"predecessor-version":[{"id":12167,"href":"https:\/\/edublog.educastur.es\/ixuxu\/wp-json\/wp\/v2\/posts\/12165\/revisions\/12167"}],"wp:attachment":[{"href":"https:\/\/edublog.educastur.es\/ixuxu\/wp-json\/wp\/v2\/media?parent=12165"}],"wp:term":[{"taxonomy":"category","embeddable":true,"href":"https:\/\/edublog.educastur.es\/ixuxu\/wp-json\/wp\/v2\/categories?post=12165"},{"taxonomy":"post_tag","embeddable":true,"href":"https:\/\/edublog.educastur.es\/ixuxu\/wp-json\/wp\/v2\/tags?post=12165"}],"curies":[{"name":"wp","href":"https:\/\/api.w.org\/{rel}","templated":true}]}}