{"id":12554,"date":"2022-01-02T09:00:52","date_gmt":"2022-01-02T07:00:52","guid":{"rendered":"https:\/\/edublog.educastur.es\/ixuxu\/?p=12554"},"modified":"2022-01-03T21:56:34","modified_gmt":"2022-01-03T19:56:34","slug":"estau-del-tiempu-domingu-2-de-xineru","status":"publish","type":"post","link":"https:\/\/edublog.educastur.es\/ixuxu\/2022\/01\/estau-del-tiempu-domingu-2-de-xineru\/","title":{"rendered":"Est\u00e1u del tiempu: Domingu 2 de Xineru"},"content":{"rendered":"<div class=\"\" dir=\"auto\">\n<div class=\"\" dir=\"auto\">\n<div class=\"ecm0bbzt hv4rvrfc ihqw7lf3 dati1w0a\" data-ad-comet-preview=\"message\" data-ad-preview=\"message\">\n<div class=\"j83agx80 cbu4d94t ew0dbk1b irj2b8pg\">\n<div class=\"qzhwtbm6 knvmm38d\">\n<div class=\"kvgmc6g5 cxmmr5t8 oygrvhab hcukyx3x c1et5uql ii04i59q\">\n<div dir=\"auto\" style=\"text-align: center\"><a href=\"https:\/\/img.europapress.es\/fotoweb\/fotonoticia_20220101053951_1200.jpg\"><img loading=\"lazy\" decoding=\"async\" class=\"alignnone\" src=\"https:\/\/img.europapress.es\/fotoweb\/fotonoticia_20220101053951_1200.jpg\" alt=\"\" width=\"519\" height=\"316\" \/><\/a><\/div>\n<\/div>\n<div class=\"cxmmr5t8 oygrvhab hcukyx3x c1et5uql o9v6fnle ii04i59q\">\n<div dir=\"auto\"><\/div>\n<\/div>\n<div class=\"cxmmr5t8 oygrvhab hcukyx3x c1et5uql o9v6fnle ii04i59q\">\n<div dir=\"auto\"><span style=\"color: #008080\"><strong>Alborecemos<\/strong> <\/span>col cielu empuerc\u00e1u de nubes altes y el fumu de los nunmerosos incendios. La nueche ta siendo mui prieta en munchos conceyos de toa Asturies. L&#8217;aire de componente sur que sopla con fuercia nes nueses monta\u00f1es fae que baxe la humed\u00e1 abondo, sub\u00e1n les temperatures resecando&#8217;l terr\u00e9n y propagando con facilid\u00e1 cualesquier llume que se faiga y esto lo lleva faciendo durante munchos d\u00edes.<\/div>\n<ul>\n<li><a href=\"https:\/\/www.facebook.com\/eltiempuenasturies\/\">Fonte noticia: El Tiempu n&#8217;Asturies<\/a><\/li>\n<\/ul>\n<div dir=\"auto\"><!--more--><\/div>\n<div dir=\"auto\"><\/div>\n<div dir=\"auto\">En cuanto a les temperatures superamos los 15\u00baC na mayor parte d&#8217;Asturies, con record estos d\u00edes de temperatures, tantu m\u00e1simes como m\u00ednimes m\u00e1s altes de la serie, en delles estaciones meteorol\u00f3xiques asturianes, pa un mes de xineru.<\/div>\n<div dir=\"auto\"><\/div>\n<\/div>\n<div class=\"cxmmr5t8 oygrvhab hcukyx3x c1et5uql o9v6fnle ii04i59q\">\n<div dir=\"auto\"><span style=\"color: #008080\"><strong>G\u00fcei domingu y ma\u00f1ana llunes<\/strong><\/span> vamos seguir igual, sicas\u00ed puen descender dalgo les temperatures y amenorgar el vientu \u00e1brigu. Nel cielu tendremos nubes medies y altes entemecides ente dellos claros, anque estos sedr\u00e1n minor\u00eda.<\/div>\n<\/div>\n<div class=\"cxmmr5t8 oygrvhab hcukyx3x c1et5uql o9v6fnle ii04i59q\">\n<div dir=\"auto\">Nun sedr\u00e1 hasta&#8217;l martes cuando camudar\u00e1 la situaci\u00f3n cola entrada d&#8217;una peque\u00f1a vaguada que mos dexar\u00e1 precipitaciones y un descensu de les temperatures, la nieve surdir\u00e1 perriba de los 1300m y l&#8217;aire gallegu pue soplar con fuercia nes zones altes ya en puntos del llitoral.<\/div>\n<div dir=\"auto\"><\/div>\n<\/div>\n<div class=\"cxmmr5t8 oygrvhab hcukyx3x c1et5uql o9v6fnle ii04i59q\">\n<div dir=\"auto\"><span style=\"color: #008080\"><strong>Durante los siguientes d\u00edes<\/strong> <\/span>vamos tener tiempu variable, la sucesi\u00f3n de delles vaguaes per Asturies va dexanos d\u00edes con precipitaciones y refrescamientu con d\u00edes de nubes ya claros y ascensu de les temperatures, de momentu nun se ve la posibilid\u00e1 d&#8217;una iverniza curiosa, seguiremos sollertes ya informando.<\/div>\n<div dir=\"auto\"><\/div>\n<\/div>\n<div class=\"cxmmr5t8 oygrvhab hcukyx3x c1et5uql o9v6fnle ii04i59q\">\n<div dir=\"auto\">Bones noticies mos tan traslladando agora mesmo los nuesos collacios del surocidente, mos comenten qu&#8217;amenorgo abondu l&#8217;aire que tan surdiendo nubes baxes de sur nes cumes de les monta\u00f1es, la humed\u00e1 ta subiendo, les temperatures en descensu ya inclusu que per Dega\u00f1a cayeron cuatro gotes esti riscar. A ver si se van traslladando estes bones noticies al restu d&#8217;Asturies.<\/div>\n<\/div>\n<div class=\"cxmmr5t8 oygrvhab hcukyx3x c1et5uql o9v6fnle ii04i59q\">\n<div dir=\"auto\">Semeyes d&#8217;esta nueche dende&#8217;l Padr\u00fan, desgraciadamente reflexo de lo que ta pasando nel restu d&#8217;Asturies.<\/div>\n<\/div>\n<\/div>\n<\/div>\n<\/div>\n<\/div>\n<\/div>\n<p>&nbsp;<\/p>\n","protected":false},"excerpt":{"rendered":"<p>Alborecemos col cielu empuerc\u00e1u de nubes altes y el fumu de los nunmerosos incendios. La nueche ta siendo mui prieta en munchos conceyos de toa Asturies. L&#8217;aire de componente sur que sopla con fuercia nes nueses monta\u00f1es fae que baxe la humed\u00e1 abondo, sub\u00e1n les temperatures resecando&#8217;l terr\u00e9n y propagando con facilid\u00e1 cualesquier llume que [&hellip;]<\/p>\n","protected":false},"author":117,"featured_media":0,"comment_status":"open","ping_status":"open","sticky":false,"template":"","format":"standard","meta":{"footnotes":""},"categories":[5],"tags":[],"class_list":["post-12554","post","type-post","status-publish","format-standard","hentry","category-tiempu"],"_links":{"self":[{"href":"https:\/\/edublog.educastur.es\/ixuxu\/wp-json\/wp\/v2\/posts\/12554","targetHints":{"allow":["GET"]}}],"collection":[{"href":"https:\/\/edublog.educastur.es\/ixuxu\/wp-json\/wp\/v2\/posts"}],"about":[{"href":"https:\/\/edublog.educastur.es\/ixuxu\/wp-json\/wp\/v2\/types\/post"}],"author":[{"embeddable":true,"href":"https:\/\/edublog.educastur.es\/ixuxu\/wp-json\/wp\/v2\/users\/117"}],"replies":[{"embeddable":true,"href":"https:\/\/edublog.educastur.es\/ixuxu\/wp-json\/wp\/v2\/comments?post=12554"}],"version-history":[{"count":1,"href":"https:\/\/edublog.educastur.es\/ixuxu\/wp-json\/wp\/v2\/posts\/12554\/revisions"}],"predecessor-version":[{"id":12555,"href":"https:\/\/edublog.educastur.es\/ixuxu\/wp-json\/wp\/v2\/posts\/12554\/revisions\/12555"}],"wp:attachment":[{"href":"https:\/\/edublog.educastur.es\/ixuxu\/wp-json\/wp\/v2\/media?parent=12554"}],"wp:term":[{"taxonomy":"category","embeddable":true,"href":"https:\/\/edublog.educastur.es\/ixuxu\/wp-json\/wp\/v2\/categories?post=12554"},{"taxonomy":"post_tag","embeddable":true,"href":"https:\/\/edublog.educastur.es\/ixuxu\/wp-json\/wp\/v2\/tags?post=12554"}],"curies":[{"name":"wp","href":"https:\/\/api.w.org\/{rel}","templated":true}]}}