{"id":12579,"date":"2022-02-01T20:00:20","date_gmt":"2022-02-01T18:00:20","guid":{"rendered":"https:\/\/edublog.educastur.es\/ixuxu\/?p=12579"},"modified":"2022-02-02T22:27:49","modified_gmt":"2022-02-02T20:27:49","slug":"diadeinternetsegura","status":"publish","type":"post","link":"https:\/\/edublog.educastur.es\/ixuxu\/2022\/02\/diadeinternetsegura\/","title":{"rendered":"#D\u00edaDeInternetSegura."},"content":{"rendered":"<p style=\"text-align: center\"><a href=\"https:\/\/www.incibe.es\/sites\/default\/files\/paginas\/sid\/sid2022\/sid2022_web-incibe.jpg\"><img loading=\"lazy\" decoding=\"async\" class=\"alignnone\" src=\"https:\/\/www.incibe.es\/sites\/default\/files\/paginas\/sid\/sid2022\/sid2022_web-incibe.jpg\" alt=\"\" width=\"605\" height=\"257\" \/><\/a><\/p>\n<p>El pr\u00f3ximu 8 de febreru non te pierdas l&#8217;eventu de <a href=\"https:\/\/www.incibe.es\/sid\">@INCIBE<\/a> pol <span style=\"color: #008080\"><strong>#D\u00edaDeInternetSegura.<\/strong><\/span> \u00a1Xuntos vamos ayudar a ne\u00f1os, ne\u00f1es y adolescentes a faer un usu m\u00e1s seguru y responsable d&#8217;Internet! <strong><a href=\"https:\/\/twitter.com\/hashtag\/SID2021?src=hashtag_click\">#SID2022<\/a><\/strong><\/p>\n<ul>\n<li><a href=\"https:\/\/www.saferinternetday.org\/\">https:\/\/www.saferinternetday.org\/<\/a><\/li>\n<li><a href=\"https:\/\/twitter.com\/hashtag\/D%C3%ADaDeInternetSegura?src=hashtag_click\">D\u00eda d&#8217;Internet segura<\/a> \/<a href=\"https:\/\/www.osi.es\/es\/actualidad\/blog\/2021\/02\/26\/te-perdiste-los-talleres-de-ciberseguridad-que-impartimos-con-motivo-del\"> Talleres Ciberseguridad<\/a> \/ <a href=\"https:\/\/www.osi.es\/es\/talleres-ciberseguridad\">materiales<\/a><\/li>\n<li><a href=\"https:\/\/t.co\/ejkbzALmSj\">Gu\u00eda Alumn\u00e1u y families<\/a> \/<a href=\"https:\/\/twitter.com\/emilianox\/status\/1359267488962383878\/photo\/2\"> estafes WhatsApps<\/a> \/<\/li>\n<li><a href=\"https:\/\/www.educa.jcyl.es\/plandeseguridad\/es\/concurso-videos-pscd-curso-2021-2022\">Plan Segurid\u00e1 y Confianza dixital<\/a> \/<\/li>\n<li>\n<h4 class=\"post-title entry-title\"><a href=\"https:\/\/www.ayudaparamaestros.com\/2021\/11\/28-recursos-para-ensenar-nuestros.html?m=1\"><em><span style=\"font-size: 14px\">28 recursos para ense\u00f1ar a nuestros alumnos a navegar con seguridad por Internet<\/span><\/em><\/a><\/h4>\n<\/li>\n<\/ul>\n<p><!--more--><\/p>\n<p style=\"text-align: center\"><a href=\"https:\/\/www.betterinternetforkids.eu\/documents\/167024\/6697653\/BIK-Homepage.png\"><img loading=\"lazy\" decoding=\"async\" class=\"alignnone\" src=\"https:\/\/www.betterinternetforkids.eu\/documents\/167024\/6697653\/BIK-Homepage.png\" alt=\"\" width=\"528\" height=\"340\" \/><\/a><\/p>\n<blockquote><p><strong><span style=\"color: #008080\"><em>Xuntos por una Internet meyor<\/em><\/span><\/strong><\/p><\/blockquote>\n<p>El 8 de febreru de 2022 celebrase en tol mundu&#8217;l <span style=\"color: #008080\"><strong>D\u00eda d&#8217;Internet Segura<\/strong> <\/span>o <strong><span style=\"color: #008080\"><a href=\"https:\/\/www.saferinternetday.org\/\">Safer Internet Day<\/a> #SID2022<\/span><\/strong>, sol lema nesta edici\u00f3n Xuntos por una Internet meyor (Together for a better internet)\u2019. Tr\u00e1tase d&#8217;un eventu promoviu pola<a href=\"https:\/\/www.betterinternetforkids.eu\/en-GB\/sic\/spain\"><strong><span style=\"color: #008080\"> rede INSAFE\/INHOPE<\/span><\/strong><\/a> con el sofitu de la Comisi\u00f3n Europea, que se celebra cada mes de febreru coles mires de promover un usu seguru y positivu de la tecnolox\u00eda, especialmente ente ne\u00f1os y nuevos.<\/p>\n<p>Email address: <a title=\"Email address\" href=\"mailto:contacto@is4k.es\" target=\"_blank\" rel=\"noopener\">contacto@is4k.es<\/a><br \/>\nWebsite: <a title=\"Website\" href=\"https:\/\/www.is4k.es\" target=\"_blank\" rel=\"noopener\">https:\/\/www.is4k.es<\/a><br \/>\nSocial media:<br \/>\n<a title=\"Go to Facebook\" href=\"https:\/\/es-es.facebook.com\/is4k.es\/\" target=\"_blank\" rel=\"noopener\">https:\/\/es-es.facebook.com\/is4k.es\/<\/a><br \/>\n<a title=\"Go to Twitter\" href=\"https:\/\/twitter.com\/is4k\" target=\"_blank\" rel=\"noopener\">https:\/\/twitter.com\/is4k<\/a><\/p>\n","protected":false},"excerpt":{"rendered":"<p>El pr\u00f3ximu 8 de febreru non te pierdas l&#8217;eventu de @INCIBE pol #D\u00edaDeInternetSegura. \u00a1Xuntos vamos ayudar a ne\u00f1os, ne\u00f1es y adolescentes a faer un usu m\u00e1s seguru y responsable d&#8217;Internet! #SID2022 https:\/\/www.saferinternetday.org\/ D\u00eda d&#8217;Internet segura \/ Talleres Ciberseguridad \/ materiales Gu\u00eda Alumn\u00e1u y families \/ estafes WhatsApps \/ Plan Segurid\u00e1 y Confianza dixital \/ 28 [&hellip;]<\/p>\n","protected":false},"author":117,"featured_media":0,"comment_status":"open","ping_status":"open","sticky":false,"template":"","format":"standard","meta":{"footnotes":""},"categories":[6],"tags":[],"class_list":["post-12579","post","type-post","status-publish","format-standard","hentry","category-dia-de"],"_links":{"self":[{"href":"https:\/\/edublog.educastur.es\/ixuxu\/wp-json\/wp\/v2\/posts\/12579","targetHints":{"allow":["GET"]}}],"collection":[{"href":"https:\/\/edublog.educastur.es\/ixuxu\/wp-json\/wp\/v2\/posts"}],"about":[{"href":"https:\/\/edublog.educastur.es\/ixuxu\/wp-json\/wp\/v2\/types\/post"}],"author":[{"embeddable":true,"href":"https:\/\/edublog.educastur.es\/ixuxu\/wp-json\/wp\/v2\/users\/117"}],"replies":[{"embeddable":true,"href":"https:\/\/edublog.educastur.es\/ixuxu\/wp-json\/wp\/v2\/comments?post=12579"}],"version-history":[{"count":7,"href":"https:\/\/edublog.educastur.es\/ixuxu\/wp-json\/wp\/v2\/posts\/12579\/revisions"}],"predecessor-version":[{"id":13278,"href":"https:\/\/edublog.educastur.es\/ixuxu\/wp-json\/wp\/v2\/posts\/12579\/revisions\/13278"}],"wp:attachment":[{"href":"https:\/\/edublog.educastur.es\/ixuxu\/wp-json\/wp\/v2\/media?parent=12579"}],"wp:term":[{"taxonomy":"category","embeddable":true,"href":"https:\/\/edublog.educastur.es\/ixuxu\/wp-json\/wp\/v2\/categories?post=12579"},{"taxonomy":"post_tag","embeddable":true,"href":"https:\/\/edublog.educastur.es\/ixuxu\/wp-json\/wp\/v2\/tags?post=12579"}],"curies":[{"name":"wp","href":"https:\/\/api.w.org\/{rel}","templated":true}]}}