{"id":12683,"date":"2022-01-04T09:02:49","date_gmt":"2022-01-04T07:02:49","guid":{"rendered":"https:\/\/edublog.educastur.es\/ixuxu\/?p=12683"},"modified":"2022-01-05T14:54:09","modified_gmt":"2022-01-05T12:54:09","slug":"dia-mundial-del-braille","status":"publish","type":"post","link":"https:\/\/edublog.educastur.es\/ixuxu\/2022\/01\/dia-mundial-del-braille\/","title":{"rendered":"D\u00eda Mundial del Braille"},"content":{"rendered":"<p style=\"text-align: center\"><a href=\"https:\/\/www.tododisca.com\/wp-content\/uploads\/2018\/01\/braille-red.jpg\"><img loading=\"lazy\" decoding=\"async\" class=\"alignnone\" src=\"https:\/\/www.tododisca.com\/wp-content\/uploads\/2018\/01\/braille-red.jpg\" alt=\"\" width=\"900\" height=\"443\" \/><\/a><\/p>\n<p><span style=\"color: #008080\"><strong>Nesti d\u00eda conmem\u00f3rase y recu\u00e9rdase la importancia del sistema alfab\u00e9ticu na nuesa socied\u00e1. <\/strong><\/span>Tien como oxetivu <span style=\"color: #008080\">crear mayor conciencia sobro la so importancia como mediu de comunicaci\u00f3n pa la plena realizaci\u00f3n de los derechos humanos pa les persones ciegues y con defectu visual.<\/span><\/p>\n<ul>\n<li><a href=\"https:\/\/www.diainternacionalde.com\/ficha\/dia-mundial-braille\">D\u00eda de&#8230;<\/a> \/ <a href=\"https:\/\/es.wikipedia.org\/wiki\/D%C3%ADa_Mundial_del_Braille\">Braille: wiki<\/a> \/<a href=\"https:\/\/i.pinimg.com\/originals\/1b\/dd\/fc\/1bddfc18ebdbe43704ea0f5a896334ea.jpg\">Louis B.<\/a>\/<a href=\"https:\/\/1.bp.blogspot.com\/-p6SwZya7_WA\/XDI_8SoGHBI\/AAAAAAAALf0\/i7T7_GIBzTcRkDfa4hCiA1NEn0Bcl8b8gCLcBGAs\/s1600\/BRAILLE.PNG\">Alfabetu<\/a>\/ <a href=\"https:\/\/www.google.com\/search?q=dia+del+braille&amp;client=firefox-b-d&amp;sxsrf=AOaemvJAPtdaugmIZMI2j83giwPlBECJ9w:1641386299934&amp;source=lnms&amp;tbm=isch&amp;sa=X&amp;ved=2ahUKEwiqxeK60Jr1AhUJxIUKHTY3AEsQ_AUoAXoECAIQAw&amp;biw=1536&amp;bih=739&amp;dpr=1.25\">im\u00e1xenes<\/a><\/li>\n<li><a href=\"https:\/\/www.un.org\/es\/observances\/braille-day\">ONU: D\u00eda del Braille<\/a><\/li>\n<li><a href=\"https:\/\/twitter.com\/unesco_es\">UNESCO Twitter<\/a> \/ <a href=\"https:\/\/www.educapeques.com\/escuela-de-padres\/discapacidad-visual-actividades-aula.html\">Discapacid\u00e1 visual ne\u00f1os<\/a> \/<\/li>\n<\/ul>\n<p><!--more--><\/p>\n<p>La fecha conmemora la nacencia en 1809 de <a href=\"https:\/\/es.wikipedia.org\/wiki\/Louis_Braille\"><strong>Louis Braille<\/strong><\/a>, profesor d&#8217;invidentes franc\u00e9s, ceador del sistema d&#8217;escritura que lleva&#8217;l so nome. Al quedase ciegu a una curtia ed\u00e1, decidi\u00f3 crear un nuevu llinguaxe bas\u00e1ndose nun inventu de Charles Barbier de la Serre. Gracies a esto, abri\u00f3 oportunidaes y el multilinguismo para millones de persones.<\/p>\n<p>&nbsp;<\/p>\n<p><a href=\"https:\/\/1.bp.blogspot.com\/-p6SwZya7_WA\/XDI_8SoGHBI\/AAAAAAAALf0\/i7T7_GIBzTcRkDfa4hCiA1NEn0Bcl8b8gCLcBGAs\/s1600\/BRAILLE.PNG\"><img loading=\"lazy\" decoding=\"async\" class=\"aligncenter\" src=\"https:\/\/1.bp.blogspot.com\/-p6SwZya7_WA\/XDI_8SoGHBI\/AAAAAAAALf0\/i7T7_GIBzTcRkDfa4hCiA1NEn0Bcl8b8gCLcBGAs\/s1600\/BRAILLE.PNG\" alt=\"\" width=\"604\" height=\"350\" \/><\/a><span style=\"color: #008080\"><em><strong>BRAILLE:<\/strong><\/em><\/span> <span style=\"color: #008080\"><em>(1)Sistema de signos qu&#8217;empleguen los ciegos para lleer y escribir; b\u00e1sase n&#8217;una correspondencia ente lletres y calteres formaos por una serie de puntos en relieve distribuy\u00edos nuna superficie. (2) <\/em><\/span><span style=\"color: #008080\"><em>Sistema d&#8217;escritura y llectura pa ciegos qu&#8217;utiliza estos signos.<\/em><\/span><\/p>\n<p style=\"text-align: center\"><a href=\"https:\/\/i.pinimg.com\/originals\/1b\/dd\/fc\/1bddfc18ebdbe43704ea0f5a896334ea.jpg\"><img loading=\"lazy\" decoding=\"async\" class=\"alignnone\" src=\"https:\/\/i.pinimg.com\/originals\/1b\/dd\/fc\/1bddfc18ebdbe43704ea0f5a896334ea.jpg\" alt=\"\" width=\"800\" height=\"1000\" \/><\/a><\/p>\n<blockquote><p><span style=\"color: #008080\"><em>El sistema braille contien solo seis puntos en relieve que representen les lletres, signos de puntuaci\u00f3n, n\u00famberos, m\u00fasica y m\u00e1s. Esti alfabetu dexa les 64 combinaciones y dexa delles codificaciones de riba a embaxo o d&#8217;esquierda a derecha.<\/em><\/span><\/p><\/blockquote>\n<p>Usualmente, esto dexa una meyor comunicaci\u00f3n y la llectura de llibros. Anque nun lo paeza, tami\u00e9n esisten oxetos que son derivaos del braille como&#8217;l cubu de Rubik, los baberos, llates de refrescu, ente otros.<\/p>\n<p>Foi n&#8217;avientu de 2018 cuando la ONU reconoci\u00f3 y declar\u00f3 el<span style=\"color: #008080\"><strong> D\u00eda Mundial del Braille<\/strong><\/span>, para la so celebraci\u00f3n cada 4 de xineru, destacando&#8217;l multilling\u00fcismu, como valor b\u00e1sicu de les Naciones Xun\u00edes.<\/p>\n<p style=\"text-align: center\">\n<!-- iframe plugin v.6.0 wordpress.org\/plugins\/iframe\/ -->\n<iframe loading=\"lazy\" width=\"665\" height=\"374\" src=\"https:\/\/www.youtube.com\/embed\/TMeEaIH6IE8\" 0=\"\/iframe\" scrolling=\"yes\" class=\"iframe-class\" frameborder=\"0\"><\/iframe>\n<\/p>\n<p>Seg\u00fan la Organizac<span style=\"color: #008080\"><strong>i\u00f3n Mundial de la Sal\u00fa<\/strong> <\/span>hai unos 36 millones de persones con ceguera nel mundu, y 216 millones sufren discapacid\u00e1 visual moderada o grave. Estes persones tienen m\u00e1s posibilidaes de vivir na probeza, esfrutar de peor sal\u00fa y tener m\u00e1s dificultaes qu&#8217;otres para aportar a la educaci\u00f3n y al empl\u00e9u.<\/p>\n<p style=\"text-align: center\"><a href=\"https:\/\/www.un.org\/sites\/un2.un.org\/files\/styles\/large-article-image-style-16-9\/public\/index_card1_es_braille.jpg?itok=8UWCF5AC\"><img loading=\"lazy\" decoding=\"async\" class=\"alignnone\" src=\"https:\/\/www.un.org\/sites\/un2.un.org\/files\/styles\/large-article-image-style-16-9\/public\/index_card1_es_braille.jpg?itok=8UWCF5AC\" alt=\"\" width=\"722\" height=\"478\" \/><\/a><\/p>\n<p style=\"text-align: center\"><a href=\"https:\/\/blogsaverroes.juntadeandalucia.es\/ceiptetuan\/files\/2021\/01\/bastones.jpg\"><img loading=\"lazy\" decoding=\"async\" class=\"alignnone\" src=\"https:\/\/blogsaverroes.juntadeandalucia.es\/ceiptetuan\/files\/2021\/01\/bastones.jpg\" alt=\"\" width=\"263\" height=\"192\" \/><\/a><\/p>\n<p style=\"text-align: center\"><a href=\"https:\/\/letrasaciegas.com\/wp-content\/uploads\/2020\/01\/Braille-alfabeto.jpg\"><img loading=\"lazy\" decoding=\"async\" class=\"alignnone\" src=\"https:\/\/letrasaciegas.com\/wp-content\/uploads\/2020\/01\/Braille-alfabeto.jpg\" alt=\"\" width=\"1378\" height=\"1000\" \/><\/a><\/p>\n<hr \/>\n<h2 style=\"text-align: center\" title=\"shareURL\"><\/h2>\n<h2 class=\"toolbarField\" title=\"shareURL\"><\/h2>\n","protected":false},"excerpt":{"rendered":"<p>Nesti d\u00eda conmem\u00f3rase y recu\u00e9rdase la importancia del sistema alfab\u00e9ticu na nuesa socied\u00e1. Tien como oxetivu crear mayor conciencia sobro la so importancia como mediu de comunicaci\u00f3n pa la plena realizaci\u00f3n de los derechos humanos pa les persones ciegues y con defectu visual. D\u00eda de&#8230; \/ Braille: wiki \/Louis B.\/Alfabetu\/ im\u00e1xenes ONU: D\u00eda del Braille [&hellip;]<\/p>\n","protected":false},"author":117,"featured_media":0,"comment_status":"open","ping_status":"open","sticky":false,"template":"","format":"standard","meta":{"footnotes":""},"categories":[6],"tags":[],"class_list":["post-12683","post","type-post","status-publish","format-standard","hentry","category-dia-de"],"_links":{"self":[{"href":"https:\/\/edublog.educastur.es\/ixuxu\/wp-json\/wp\/v2\/posts\/12683","targetHints":{"allow":["GET"]}}],"collection":[{"href":"https:\/\/edublog.educastur.es\/ixuxu\/wp-json\/wp\/v2\/posts"}],"about":[{"href":"https:\/\/edublog.educastur.es\/ixuxu\/wp-json\/wp\/v2\/types\/post"}],"author":[{"embeddable":true,"href":"https:\/\/edublog.educastur.es\/ixuxu\/wp-json\/wp\/v2\/users\/117"}],"replies":[{"embeddable":true,"href":"https:\/\/edublog.educastur.es\/ixuxu\/wp-json\/wp\/v2\/comments?post=12683"}],"version-history":[{"count":12,"href":"https:\/\/edublog.educastur.es\/ixuxu\/wp-json\/wp\/v2\/posts\/12683\/revisions"}],"predecessor-version":[{"id":12695,"href":"https:\/\/edublog.educastur.es\/ixuxu\/wp-json\/wp\/v2\/posts\/12683\/revisions\/12695"}],"wp:attachment":[{"href":"https:\/\/edublog.educastur.es\/ixuxu\/wp-json\/wp\/v2\/media?parent=12683"}],"wp:term":[{"taxonomy":"category","embeddable":true,"href":"https:\/\/edublog.educastur.es\/ixuxu\/wp-json\/wp\/v2\/categories?post=12683"},{"taxonomy":"post_tag","embeddable":true,"href":"https:\/\/edublog.educastur.es\/ixuxu\/wp-json\/wp\/v2\/tags?post=12683"}],"curies":[{"name":"wp","href":"https:\/\/api.w.org\/{rel}","templated":true}]}}