{"id":12690,"date":"2022-01-10T09:05:23","date_gmt":"2022-01-10T07:05:23","guid":{"rendered":"https:\/\/edublog.educastur.es\/ixuxu\/?p=12690"},"modified":"2022-01-05T14:36:28","modified_gmt":"2022-01-05T12:36:28","slug":"escribir-la-paz","status":"publish","type":"post","link":"https:\/\/edublog.educastur.es\/ixuxu\/2022\/01\/escribir-la-paz\/","title":{"rendered":"\u00abEscribir la Paz\u00bb p&#8217;algamar y adquirir competencies interculturales"},"content":{"rendered":"<p><a href=\"https:\/\/unesdoc.unesco.org\/in\/rest\/Thumb\/image?id=p%3A%3Ausmarcdef_0000366307&amp;author=Cattelain%2C+Eric&amp;title=Escribir+la+Paz&amp;year=2018&amp;publisher=UNESCO&amp;TypeOfDocument=UnescoPhysicalDocument&amp;mat=BKS&amp;ct=true&amp;size=512&amp;isPhysical=1&amp;siteId=mainSite\"><img loading=\"lazy\" decoding=\"async\" class=\"aligncenter\" src=\"https:\/\/unesdoc.unesco.org\/in\/rest\/Thumb\/image?id=p%3A%3Ausmarcdef_0000366307&amp;author=Cattelain%2C+Eric&amp;title=Escribir+la+Paz&amp;year=2018&amp;publisher=UNESCO&amp;TypeOfDocument=UnescoPhysicalDocument&amp;mat=BKS&amp;ct=true&amp;size=512&amp;isPhysical=1&amp;siteId=mainSite\" alt=\"\" width=\"512\" height=\"512\" \/><\/a><\/p>\n<ul>\n<li><a href=\"https:\/\/es.unesco.org\/writing-peace-manual\/about\">Manual <strong>Escribir la paz<\/strong><\/a> \/ <a href=\"https:\/\/unesdoc.unesco.org\/ark:\/48223\/pf0000366307\">descargar<\/a> \/ <a href=\"http:\/\/unesdoc.unesco.org\/in\/rest\/annotationSVC\/DownloadWatermarkedAttachment\/attach_import_fc501291-ef9a-41e0-9e03-5b827210545e?_=366307spa.pdf&amp;to=39&amp;from=1\">VER<\/a><\/li>\n<\/ul>\n<p><!--more--><\/p>\n<ul>\n<li><a href=\"https:\/\/unesdoc.unesco.org\/ark:\/48223\/pf0000366756\" target=\"_blank\" rel=\"noopener\">Visite la exposici\u00f3n virtual<\/a> (en ingl\u00e9s)<\/li>\n<li><a href=\"http:\/\/unesdoc.unesco.org\/images\/0021\/002176\/217691m.pdf\" target=\"_blank\" rel=\"noopener\">Cat\u00e1logo triling\u00fce<\/a><\/li>\n<\/ul>\n<p>&nbsp;<\/p>\n<h2 title=\"shareURL\">\n<!-- iframe plugin v.6.0 wordpress.org\/plugins\/iframe\/ -->\n<iframe loading=\"lazy\" src=\"https:\/\/drive.google.com\/file\/d\/1au5xNUYWGmz0B1cNWoPEBtZfgyp42vnp\/preview\" width=\"640\" height=\"480\" allow=\"autoplay\" 0=\"\/iframe\" scrolling=\"yes\" class=\"iframe-class\" frameborder=\"0\"><\/iframe>\n<\/h2>\n<p style=\"text-align: center\">\n<!-- iframe plugin v.6.0 wordpress.org\/plugins\/iframe\/ -->\n<iframe loading=\"lazy\" width=\"438\" height=\"246\" src=\"https:\/\/www.youtube.com\/embed\/fsMuSr6qPeM\" 0=\"\/iframe\" scrolling=\"yes\" class=\"iframe-class\" frameborder=\"0\"><\/iframe>\n<\/p>\n<hr \/>\n<p>Tras la puesta en l\u00ednea del manual, se propone ahora un protocolo experimental a las escuelas durante un per\u00edodo determinado, con ayuda de docentes y educadores. <strong><span style=\"color: #008080\">Estas pruebas experimentales apuntan a poner de manifiesto el efecto de las competencias interculturales en la percepci\u00f3n que tienen los ni\u00f1os y j\u00f3venes de la diversidad cultural y la naturaleza evolutiva de las culturas, intr\u00ednsecamente ligadas las unas a las otras.<\/span><\/strong>\u00a0 Los documentos propuestos en esta secci\u00f3n ser\u00e1n de utilidad para todas las personas deseosas de contar con m\u00e1s informaci\u00f3n acerca de la historia de la humanidad vista a trav\u00e9s de esta introducci\u00f3n a los sistemas de escritura.<\/p>\n<p><span style=\"color: #008080\"><strong>Resultados esperados en las sesiones de formaci\u00f3n de Escribir la Paz<\/strong><\/span><\/p>\n<p style=\"text-align: center\"><em><strong><span style=\"text-decoration: underline\"><span style=\"color: #008080;text-decoration: underline\">\u00bfContribuye a la adquisici\u00f3n de competencias interculturales?<\/span><\/span><\/strong><\/em><\/p>\n<ul>\n<li><em><span style=\"color: #008080\"><strong>Competencias centrales:<\/strong>1. Los alumnos han asimilado el concepto de la diversidad cultural a trav\u00e9s de los distintos sistemas de escritura presentados.<\/span><\/em><br \/>\n<em><span style=\"color: #008080\">2. Los alumnos pueden explicar la diferencia entre un idioma y un sistema de escritura.<\/span><\/em><br \/>\n<em><span style=\"color: #008080\">3. Los alumnos pueden dar ejemplos de la manera en que algunos sistemas de escritura se han inspirado unos en otros.<\/span><\/em><br \/>\n<em><span style=\"color: #008080\">4. Los alumnos entienden que, por medio de los aportes de distintos sistemas de escritura, las culturas est\u00e1n interconectadas y evolucionan.<\/span><\/em><br \/>\n<em><span style=\"color: #008080\">5. Los alumnos se dan cuenta de que, aun si la palabra \u201cpaz\u201d se enuncia de distintas maneras, es un concepto universalmente compartido, y que cada uno de ellos es un agente de paz.<\/span><\/em><\/li>\n<\/ul>\n<p><strong>Herramientas de competencias interculturales para Escribir la Paz:<\/strong><\/p>\n<ul>\n<li><a href=\"https:\/\/drive.google.com\/file\/d\/188Dj3DYFybhGyhk2HKfjcSOnCOaH937u\">Escribir la Paz, por familias de escritura<\/a><\/li>\n<\/ul>\n<p style=\"text-align: center\">\n<!-- iframe plugin v.6.0 wordpress.org\/plugins\/iframe\/ -->\n<iframe loading=\"lazy\" src=\"https:\/\/drive.google.com\/file\/d\/188Dj3DYFybhGyhk2HKfjcSOnCOaH937u\/preview\" width=\"640\" height=\"480\" allow=\"autoplay\" 0=\"\/iframe\" scrolling=\"yes\" class=\"iframe-class\" frameborder=\"0\"><\/iframe>\n<\/p>\n<ul>\n<li>Protocolo experimental PDF: <a href=\"http:\/\/unesdoc.unesco.org\/images\/0026\/002616\/261660e.pdf\" target=\"_blank\" rel=\"noopener\">Ingl\u00e9s<\/a><\/li>\n<li>Marco pedag\u00f3gico PDF: <a href=\"http:\/\/unesdoc.unesco.org\/images\/0026\/002616\/261676e.pdf\" target=\"_blank\" rel=\"noopener\">Ingl\u00e9s<\/a> | PowerPoint: <a href=\"http:\/\/www.unesco.org\/shs\/wp_instructional_framework.pptx\" target=\"_blank\" rel=\"noopener\">Ingl\u00e9s<\/a><\/li>\n<\/ul>\n<hr \/>\n<p>Para llevar a cabo este programa piloto a gran escala y apoyar a las escuelas asociadas, una lista de las herramientas est\u00e1 a su disposici\u00f3n.<\/p>\n<p>Incluye en primer lugar:<\/p>\n<ul>\n<li><a href=\"https:\/\/unesdoc.unesco.org\/ark:\/48223\/pf0000366307\" target=\"_blank\" rel=\"noopener\">El manual Escribir la Paz<\/a>, tambi\u00e9n disponible en <a href=\"https:\/\/unesdoc.unesco.org\/ark:\/48223\/pf0000260736\" target=\"_blank\" rel=\"noopener\">ingl\u00e9s<\/a><\/li>\n<li>Como complemento, <strong>gu\u00eda pedag\u00f3gica<\/strong> (Eric Cattelain) <a href=\"https:\/\/unesdoc.unesco.org\/ark:\/48223\/pf0000368137_eng\" target=\"_blank\" rel=\"noopener\">ingl\u00e9s<\/a>.<\/li>\n<\/ul>\n<p>As\u00ed como herramientas de pilotaje:<\/p>\n<ul>\n<li><a href=\"https:\/\/unesdoc.unesco.org\/ark:\/48223\/pf0000261676_spa\" target=\"_blank\" rel=\"noopener\">El Marco pedag\u00f3gico del manual<\/a>,\u00a0 <a href=\"https:\/\/unesdoc.unesco.org\/ark:\/48223\/pf0000261676\" target=\"_blank\" rel=\"noopener\">ingl\u00e9s<\/a>.<\/li>\n<li><a href=\"https:\/\/unesdoc.unesco.org\/ark:\/48223\/pf0000368056_spa\" target=\"_blank\" rel=\"noopener\">La Gu\u00eda de pilotaje<\/a>\u00a0 <a href=\"https:\/\/unesdoc.unesco.org\/ark:\/48223\/pf0000368056\" target=\"_blank\" rel=\"noopener\">ingl\u00e9s<\/a>.<\/li>\n<li>La <a href=\"https:\/\/www.flickr.com\/photos\/165824316@N06\/albums\" target=\"_blank\" rel=\"noopener noreferrer\" data-extlink=\"\">galer\u00eda de fotos<span class=\"ext\"><span class=\"element-invisible\">(link is external)<\/span><\/span><\/a> contiene los recuerdos de cada taller Escribir la Paz y las actividades relacionadas con este pilotaje.<\/li>\n<\/ul>\n<p>Finalmente, al inicio de Escribir la Paz, su exposici\u00f3n con:<\/p>\n<ul>\n<li><a href=\"https:\/\/unesdoc.unesco.org\/ark:\/48223\/pf0000217691\" target=\"_blank\" rel=\"noopener\">Su cat\u00e1logo triling\u00fce<\/a><\/li>\n<li><a href=\"https:\/\/youtu.be\/fsMuSr6qPeM\" target=\"_blank\" rel=\"noopener noreferrer\" data-extlink=\"\">El v\u00eddeo de presentaci\u00f3n de la exposici\u00f3n<span class=\"ext\"><span class=\"element-invisible\">(link is external)<\/span><\/span><\/a><\/li>\n<li><a href=\"https:\/\/unesdoc.unesco.org\/ark:\/48223\/pf0000366756\" target=\"_blank\" rel=\"noopener\">Sus paneles<\/a><\/li>\n<\/ul>\n","protected":false},"excerpt":{"rendered":"<p>Manual Escribir la paz \/ descargar \/ VER<\/p>\n","protected":false},"author":117,"featured_media":0,"comment_status":"open","ping_status":"open","sticky":false,"template":"","format":"standard","meta":{"footnotes":""},"categories":[235],"tags":[],"class_list":["post-12690","post","type-post","status-publish","format-standard","hentry","category-valores"],"_links":{"self":[{"href":"https:\/\/edublog.educastur.es\/ixuxu\/wp-json\/wp\/v2\/posts\/12690","targetHints":{"allow":["GET"]}}],"collection":[{"href":"https:\/\/edublog.educastur.es\/ixuxu\/wp-json\/wp\/v2\/posts"}],"about":[{"href":"https:\/\/edublog.educastur.es\/ixuxu\/wp-json\/wp\/v2\/types\/post"}],"author":[{"embeddable":true,"href":"https:\/\/edublog.educastur.es\/ixuxu\/wp-json\/wp\/v2\/users\/117"}],"replies":[{"embeddable":true,"href":"https:\/\/edublog.educastur.es\/ixuxu\/wp-json\/wp\/v2\/comments?post=12690"}],"version-history":[{"count":4,"href":"https:\/\/edublog.educastur.es\/ixuxu\/wp-json\/wp\/v2\/posts\/12690\/revisions"}],"predecessor-version":[{"id":12694,"href":"https:\/\/edublog.educastur.es\/ixuxu\/wp-json\/wp\/v2\/posts\/12690\/revisions\/12694"}],"wp:attachment":[{"href":"https:\/\/edublog.educastur.es\/ixuxu\/wp-json\/wp\/v2\/media?parent=12690"}],"wp:term":[{"taxonomy":"category","embeddable":true,"href":"https:\/\/edublog.educastur.es\/ixuxu\/wp-json\/wp\/v2\/categories?post=12690"},{"taxonomy":"post_tag","embeddable":true,"href":"https:\/\/edublog.educastur.es\/ixuxu\/wp-json\/wp\/v2\/tags?post=12690"}],"curies":[{"name":"wp","href":"https:\/\/api.w.org\/{rel}","templated":true}]}}