{"id":12798,"date":"2022-01-01T11:00:56","date_gmt":"2022-01-01T09:00:56","guid":{"rendered":"https:\/\/edublog.educastur.es\/ixuxu\/?p=12798"},"modified":"2022-01-09T15:40:49","modified_gmt":"2022-01-09T13:40:49","slug":"harry-potter-20-aniversariu-regresu-a-hogwarts","status":"publish","type":"post","link":"https:\/\/edublog.educastur.es\/ixuxu\/2022\/01\/harry-potter-20-aniversariu-regresu-a-hogwarts\/","title":{"rendered":"&#8216;Harry Potter 20 aniversariu: Regresu a Hogwarts&#8217;"},"content":{"rendered":"<p style=\"text-align: center\"><a href=\"https:\/\/www.lacasadeel.net\/wp-content\/uploads\/2022\/01\/Harry-Potter-Regreso-a-Hogwarts.jpg\"><img loading=\"lazy\" decoding=\"async\" class=\"alignnone\" src=\"https:\/\/www.lacasadeel.net\/wp-content\/uploads\/2022\/01\/Harry-Potter-Regreso-a-Hogwarts.jpg\" alt=\"\" width=\"1200\" height=\"675\" \/><\/a><\/p>\n<p>Harry Potter&#8217;: Daniel Radcliffe, Emma Watson y Rupert Grint axuntense nun especial de HBO Max<\/p>\n<p><span style=\"color: #008080\"><strong>&#8216;Harry Potter 20 aniversariu: Regresu a Hogwarts&#8217;<\/strong> <\/span>va ser el primer realcuentru oficial de los actores de Harry, Ron y Hermione y los sos compa\u00f1eros de repartida diez a\u00f1os dempu\u00e9s del estrenu de la \u00faltima pel\u00edcula de la saga.<\/p>\n<ul>\n<li>Fonte: <a href=\"https:\/\/www.esquire.com\/es\/actualidad\/cine\/a38275363\/harry-potter-reunion-aniversario-regreso-a-hogwarts\/\">esquire.com<\/a> \/<\/li>\n<\/ul>\n<p><!--more--><\/p>\n<p style=\"text-align: center\">\n<!-- iframe plugin v.6.0 wordpress.org\/plugins\/iframe\/ -->\n<iframe loading=\"lazy\" width=\"100%\" height=\"389\" src=\"https:\/\/www.youtube.com\/embed\/Asm5LwWeXrs\" 0=\"\/iframe\" scrolling=\"yes\" class=\"iframe-class\" frameborder=\"0\"><\/iframe>\n<\/p>\n<p>Va venti a\u00f1os<\/p>\n<p><a href=\"https:\/\/s.yimg.com\/ny\/api\/res\/1.2\/AOJC8c.ZlvIeqZ3yHM1oMw--\/YXBwaWQ9aGlnaGxhbmRlcjt3PTY0MDtoPTMyMA--\/https:\/\/s.yimg.com\/uu\/api\/res\/1.2\/j7G0q9oDHeg9FPNf1MZj6A--~B\/aD0zMDA7dz02MDA7YXBwaWQ9eXRhY2h5b24-\/https:\/\/media.zenfs.com\/es\/tomatazos_56\/b9750244477b1009fe0607ec94d81b2c\"><img loading=\"lazy\" decoding=\"async\" class=\"alignnone\" src=\"https:\/\/s.yimg.com\/ny\/api\/res\/1.2\/AOJC8c.ZlvIeqZ3yHM1oMw--\/YXBwaWQ9aGlnaGxhbmRlcjt3PTY0MDtoPTMyMA--\/https:\/\/s.yimg.com\/uu\/api\/res\/1.2\/j7G0q9oDHeg9FPNf1MZj6A--~B\/aD0zMDA7dz02MDA7YXBwaWQ9eXRhY2h5b24-\/https:\/\/media.zenfs.com\/es\/tomatazos_56\/b9750244477b1009fe0607ec94d81b2c\" alt=\"\" width=\"298\" height=\"149\" \/><\/a> \/<a href=\"https:\/\/resizer.glanacion.com\/resizer\/StZsjIO5uh3Hhsb4BfXgAfrUvcU=\/1119x746\/smart\/filters:quality(80)\/cloudfront-us-east-1.images.arcpublishing.com\/lanacionar\/XVQIXSA6LRH5DPX7NRUB5ETZI4.jpg\"><img loading=\"lazy\" decoding=\"async\" class=\"alignnone\" src=\"https:\/\/resizer.glanacion.com\/resizer\/StZsjIO5uh3Hhsb4BfXgAfrUvcU=\/1119x746\/smart\/filters:quality(80)\/cloudfront-us-east-1.images.arcpublishing.com\/lanacionar\/XVQIXSA6LRH5DPX7NRUB5ETZI4.jpg\" alt=\"\" width=\"228\" height=\"152\" \/><\/a><\/p>\n<p>Angua\u00f1o<\/p>\n<p style=\"text-align: center\"><a href=\"https:\/\/www.gratistodo.com\/wp-content\/uploads\/2021\/12\/harry-potter-regreso-a-hogwarts-2022.jpg\"><img loading=\"lazy\" decoding=\"async\" class=\"alignnone\" src=\"https:\/\/www.gratistodo.com\/wp-content\/uploads\/2021\/12\/harry-potter-regreso-a-hogwarts-2022.jpg\" alt=\"\" width=\"2375\" height=\"1598\" \/><\/a><\/p>\n<p>&nbsp;<\/p>\n","protected":false},"excerpt":{"rendered":"<p>Harry Potter&#8217;: Daniel Radcliffe, Emma Watson y Rupert Grint axuntense nun especial de HBO Max &#8216;Harry Potter 20 aniversariu: Regresu a Hogwarts&#8217; va ser el primer realcuentru oficial de los actores de Harry, Ron y Hermione y los sos compa\u00f1eros de repartida diez a\u00f1os dempu\u00e9s del estrenu de la \u00faltima pel\u00edcula de la saga. Fonte: [&hellip;]<\/p>\n","protected":false},"author":117,"featured_media":0,"comment_status":"open","ping_status":"open","sticky":false,"template":"","format":"standard","meta":{"footnotes":""},"categories":[23],"tags":[],"class_list":["post-12798","post","type-post","status-publish","format-standard","hentry","category-pelis"],"_links":{"self":[{"href":"https:\/\/edublog.educastur.es\/ixuxu\/wp-json\/wp\/v2\/posts\/12798","targetHints":{"allow":["GET"]}}],"collection":[{"href":"https:\/\/edublog.educastur.es\/ixuxu\/wp-json\/wp\/v2\/posts"}],"about":[{"href":"https:\/\/edublog.educastur.es\/ixuxu\/wp-json\/wp\/v2\/types\/post"}],"author":[{"embeddable":true,"href":"https:\/\/edublog.educastur.es\/ixuxu\/wp-json\/wp\/v2\/users\/117"}],"replies":[{"embeddable":true,"href":"https:\/\/edublog.educastur.es\/ixuxu\/wp-json\/wp\/v2\/comments?post=12798"}],"version-history":[{"count":4,"href":"https:\/\/edublog.educastur.es\/ixuxu\/wp-json\/wp\/v2\/posts\/12798\/revisions"}],"predecessor-version":[{"id":12800,"href":"https:\/\/edublog.educastur.es\/ixuxu\/wp-json\/wp\/v2\/posts\/12798\/revisions\/12800"}],"wp:attachment":[{"href":"https:\/\/edublog.educastur.es\/ixuxu\/wp-json\/wp\/v2\/media?parent=12798"}],"wp:term":[{"taxonomy":"category","embeddable":true,"href":"https:\/\/edublog.educastur.es\/ixuxu\/wp-json\/wp\/v2\/categories?post=12798"},{"taxonomy":"post_tag","embeddable":true,"href":"https:\/\/edublog.educastur.es\/ixuxu\/wp-json\/wp\/v2\/tags?post=12798"}],"curies":[{"name":"wp","href":"https:\/\/api.w.org\/{rel}","templated":true}]}}