{"id":12885,"date":"2022-01-19T20:34:25","date_gmt":"2022-01-19T18:34:25","guid":{"rendered":"https:\/\/edublog.educastur.es\/ixuxu\/?p=12885"},"modified":"2022-01-19T21:19:09","modified_gmt":"2022-01-19T19:19:09","slug":"calendariu-2022-2","status":"publish","type":"post","link":"https:\/\/edublog.educastur.es\/ixuxu\/2022\/01\/calendariu-2022-2\/","title":{"rendered":"Calendariu 2022"},"content":{"rendered":"<p style=\"text-align: center\"><a href=\"https:\/\/tinypix.top\/images\/2022\/01\/19\/ezy9S.jpg\"><img loading=\"lazy\" decoding=\"async\" class=\"alignnone\" src=\"https:\/\/tinypix.top\/images\/2022\/01\/19\/ezy9S.jpg\" alt=\"\" width=\"1600\" height=\"900\" \/><\/a><\/p>\n<p><span class=\"d2edcug0 hpfvmrgz qv66sw1b c1et5uql lr9zc1uh a8c37x1j fe6kdd0r mau55g9w c8b282yb keod5gw0 nxhoafnm aigsh9s9 d3f4x2em iv3no6db gfeo3gy3 a3bd9o3v b1v8xokw oo9gr5id\" dir=\"auto\">Esti a\u00f1u n&#8217;<span style=\"text-decoration: underline\"><span style=\"color: #008080;text-decoration: underline\"><strong>Iniciativa pol Asturianu<\/strong><\/span><\/span> ficieron esti dise\u00f1u colos meses n&#8217;asturianu que pod\u00e9is descargar de baldre pa emprentar y utilizar nel vuesu d\u00eda a d\u00eda d&#8217;esti 2022. <\/span><\/p>\n<ul>\n<li><span class=\"d2edcug0 hpfvmrgz qv66sw1b c1et5uql lr9zc1uh a8c37x1j fe6kdd0r mau55g9w c8b282yb keod5gw0 nxhoafnm aigsh9s9 d3f4x2em iv3no6db gfeo3gy3 a3bd9o3v b1v8xokw oo9gr5id\" dir=\"auto\"><span class=\"pq6dq46d tbxw36s4 knj5qynh kvgmc6g5 ditlmg2l oygrvhab nvdbi5me sf5mxxl7 gl3lb2sf hhz5lgdu\"><img loading=\"lazy\" decoding=\"async\" src=\"https:\/\/static.xx.fbcdn.net\/images\/emoji.php\/v9\/taa\/1.5\/16\/1f449.png\" alt=\"?\" width=\"16\" height=\"16\" \/><\/span> <a href=\"https:\/\/tinypix.top\/images\/2022\/01\/19\/ezy9S.jpg\">Descarga&#8217;l calendariu y espardi<\/a> <\/span><\/li>\n<\/ul>\n","protected":false},"excerpt":{"rendered":"<p>Esti a\u00f1u n&#8217;Iniciativa pol Asturianu ficieron esti dise\u00f1u colos meses n&#8217;asturianu que pod\u00e9is descargar de baldre pa emprentar y utilizar nel vuesu d\u00eda a d\u00eda d&#8217;esti 2022. Descarga&#8217;l calendariu y espardi<\/p>\n","protected":false},"author":117,"featured_media":0,"comment_status":"open","ping_status":"open","sticky":false,"template":"","format":"standard","meta":{"footnotes":""},"categories":[73],"tags":[],"class_list":["post-12885","post","type-post","status-publish","format-standard","hentry","category-calendariu"],"_links":{"self":[{"href":"https:\/\/edublog.educastur.es\/ixuxu\/wp-json\/wp\/v2\/posts\/12885","targetHints":{"allow":["GET"]}}],"collection":[{"href":"https:\/\/edublog.educastur.es\/ixuxu\/wp-json\/wp\/v2\/posts"}],"about":[{"href":"https:\/\/edublog.educastur.es\/ixuxu\/wp-json\/wp\/v2\/types\/post"}],"author":[{"embeddable":true,"href":"https:\/\/edublog.educastur.es\/ixuxu\/wp-json\/wp\/v2\/users\/117"}],"replies":[{"embeddable":true,"href":"https:\/\/edublog.educastur.es\/ixuxu\/wp-json\/wp\/v2\/comments?post=12885"}],"version-history":[{"count":3,"href":"https:\/\/edublog.educastur.es\/ixuxu\/wp-json\/wp\/v2\/posts\/12885\/revisions"}],"predecessor-version":[{"id":12888,"href":"https:\/\/edublog.educastur.es\/ixuxu\/wp-json\/wp\/v2\/posts\/12885\/revisions\/12888"}],"wp:attachment":[{"href":"https:\/\/edublog.educastur.es\/ixuxu\/wp-json\/wp\/v2\/media?parent=12885"}],"wp:term":[{"taxonomy":"category","embeddable":true,"href":"https:\/\/edublog.educastur.es\/ixuxu\/wp-json\/wp\/v2\/categories?post=12885"},{"taxonomy":"post_tag","embeddable":true,"href":"https:\/\/edublog.educastur.es\/ixuxu\/wp-json\/wp\/v2\/tags?post=12885"}],"curies":[{"name":"wp","href":"https:\/\/api.w.org\/{rel}","templated":true}]}}