{"id":12984,"date":"2022-01-22T21:13:41","date_gmt":"2022-01-22T19:13:41","guid":{"rendered":"https:\/\/edublog.educastur.es\/ixuxu\/?p=12984"},"modified":"2022-01-22T21:47:36","modified_gmt":"2022-01-22T19:47:36","slug":"premiu-al-meyor-stand-na-categoria-de-comunidaes-autonomes-e-instituciones-en-fitur","status":"publish","type":"post","link":"https:\/\/edublog.educastur.es\/ixuxu\/2022\/01\/premiu-al-meyor-stand-na-categoria-de-comunidaes-autonomes-e-instituciones-en-fitur\/","title":{"rendered":"Premiu al meyor stand na categor\u00eda de \u00abComunidaes Aut\u00f3nomes e Instituciones\u00bb"},"content":{"rendered":"<p style=\"text-align: center\"><em><strong><span style=\"color: #008080\">Del 19-23 de xineru. MADRID<\/span><\/strong><\/em><\/p>\n<p style=\"text-align: center\">\n<!-- iframe plugin v.6.0 wordpress.org\/plugins\/iframe\/ -->\n<iframe loading=\"lazy\" src=\"https:\/\/www.facebook.com\/plugins\/video.php?height=314&#038;href=https%3A%2F%2Fwww.facebook.com%2FTurismoAsturias%2Fvideos%2F257539339826001%2F&#038;show_text=false&#038;width=560&#038;t=0\" width=\"560\" height=\"314\" style=\"border:none;overflow:hidden\" scrolling=\"no\" frameborder=\"0\" allowfullscreen=\"true\" allow=\"autoplay; clipboard-write; encrypted-media; picture-in-picture; web-share\" 0=\"\/iframe\" class=\"iframe-class\"><\/iframe>\n<\/p>\n<ul>\n<li><a href=\"https:\/\/www.facebook.com\/TurismoAsturias\">Turismu Asturies Facebook<\/a> \/ <a href=\"https:\/\/twitter.com\/TurAsturiasPro\/status\/1484946957500047364\/photo\/4\">Meyor photocall <\/a>\/ <a href=\"https:\/\/twitter.com\/SidraturismoAst\">SidraTurismoAST<\/a> \/<\/li>\n<li style=\"text-align: left\"><a href=\"https:\/\/www.ifema.es\/fitur\"><strong>FITUR 2022<\/strong><\/a> \/ <a href=\"https:\/\/www.facebook.com\/FITURMadrid\">Facebook<\/a> \/ <a href=\"https:\/\/twitter.com\/fitur_madrid\">Twitter<\/a> \/<a href=\"https:\/\/www.rtpa.es\/noticias-asturias-ast:Fin-de-semana-con-publico-en-Fitur_111642860230.html?fbclid=IwAR2B3AYZwREgoRBWiAmDK6vSR9LrOIaiGKdgNlTeSQmSQxbXXGd8MChLsa4\"> RTPA n&#8217;asturianu<\/a> \/<\/li>\n<\/ul>\n<p><!--more--><\/p>\n<p style=\"text-align: center\">\n<!-- iframe plugin v.6.0 wordpress.org\/plugins\/iframe\/ -->\n<iframe loading=\"lazy\" src=\"https:\/\/www.facebook.com\/plugins\/post.php?href=https%3A%2F%2Fwww.facebook.com%2Fphoto.php%3Ffbid%3D235394708765703%26set%3Da.228420442796463%26type%3D3&#038;show_text=true&#038;width=500\" width=\"500\" height=\"375\" style=\"border:none;overflow:hidden\" scrolling=\"no\" frameborder=\"0\" allowfullscreen=\"true\" allow=\"autoplay; clipboard-write; encrypted-media; picture-in-picture; web-share\" 0=\"\/iframe\" class=\"iframe-class\"><\/iframe>\n<\/p>\n<p><em>Fin de selmana con p\u00fablicu en Fitur. Munchos pasen pel stand d\u2019Asturies, que foi escoy\u00edu como\u2019l meyor de toles comunidaes aut\u00f3nomes. La organizaci\u00f3n piensa qu\u2019esti a\u00f1u sedr\u00e1n al rodiu de 30.000 visitantes. Una afluencia que sigue tando per baxo de la d\u2019enantes de la pandemia.<\/em><\/p>\n<p>Dende esti fin selmana, ye\u2019l p\u00fablicu d\u2019a pie\u2019l que pue percorrer los 56.000 metros cuadraos d\u2019esta 42 edici\u00f3n de Fitur. El stand d\u2019Asturies foi escoy\u00edu ayeri como\u2019l meyor d\u2019ente toles comunidaes aut\u00f3nomes; y munchos pararon nesti peque\u00f1u cachu del Princip\u00e1u.\u00a0G\u00fcei, am\u00e1s, nel stand d\u2019Uvi\u00e9u, celebr\u00f3se un desfile a mou d\u2019aperitivu de la Selmana de la Moda de la ciud\u00e1, que se celebrar\u00e1 en xunu.\u00a0 La organizaci\u00f3n de Fitur espera que seyan al rodiu de 30.000 los visitantes que percuerran esti fin de selmana los pabellones de la Feria.\u200b<\/p>\n\n<!-- iframe plugin v.6.0 wordpress.org\/plugins\/iframe\/ -->\n<iframe loading=\"lazy\" src=\"https:\/\/www.facebook.com\/plugins\/video.php?height=314&#038;href=https%3A%2F%2Fwww.facebook.com%2FTurismoAsturias%2Fvideos%2F310777747514619%2F&#038;show_text=true&#038;width=560&#038;t=0\" width=\"560\" height=\"429\" style=\"border:none;overflow:hidden\" scrolling=\"no\" frameborder=\"0\" allowfullscreen=\"true\" allow=\"autoplay; clipboard-write; encrypted-media; picture-in-picture; web-share\" 0=\"\/iframe\" class=\"iframe-class\"><\/iframe>\n\n<p>&nbsp;<\/p>\n<p style=\"text-align: center\">\n<!-- iframe plugin v.6.0 wordpress.org\/plugins\/iframe\/ -->\n<iframe loading=\"lazy\" src=\"https:\/\/www.facebook.com\/plugins\/video.php?height=314&#038;href=https%3A%2F%2Fwww.facebook.com%2FFITURMadrid%2Fvideos%2F590637535359444%2F&#038;show_text=true&#038;width=560&#038;t=0\" width=\"560\" height=\"429\" style=\"border:none;overflow:hidden\" scrolling=\"no\" frameborder=\"0\" allowfullscreen=\"true\" allow=\"autoplay; clipboard-write; encrypted-media; picture-in-picture; web-share\" 0=\"\/iframe\" class=\"iframe-class\"><\/iframe>\n<\/p>\n<p style=\"text-align: center\"><a href=\"https:\/\/www.ifema.es\/fitur\/img\/xl\/panoramica-pabellon-fitur-2022\/img-panoramica-pabellon-fitur.jpg\"><img loading=\"lazy\" decoding=\"async\" class=\"alignnone\" src=\"https:\/\/www.ifema.es\/fitur\/img\/xl\/panoramica-pabellon-fitur-2022\/img-panoramica-pabellon-fitur.jpg\" alt=\"\" width=\"1188\" height=\"792\" \/><\/a><\/p>\n<p style=\"text-align: center\"><a href=\"https:\/\/migijon.com\/wp-content\/uploads\/2022\/01\/dksa-640x485.png\"><img loading=\"lazy\" decoding=\"async\" class=\"alignnone\" src=\"https:\/\/migijon.com\/wp-content\/uploads\/2022\/01\/dksa-640x485.png\" alt=\"\" width=\"640\" height=\"485\" \/><\/a><\/p>\n<p>&nbsp;<\/p>\n","protected":false},"excerpt":{"rendered":"<p>Del 19-23 de xineru. MADRID Turismu Asturies Facebook \/ Meyor photocall \/ SidraTurismoAST \/ FITUR 2022 \/ Facebook \/ Twitter \/ RTPA n&#8217;asturianu \/<\/p>\n","protected":false},"author":117,"featured_media":0,"comment_status":"open","ping_status":"open","sticky":false,"template":"","format":"standard","meta":{"footnotes":""},"categories":[19,167,18],"tags":[],"class_list":["post-12984","post","type-post","status-publish","format-standard","hentry","category-asturies","category-feries","category-turismu"],"_links":{"self":[{"href":"https:\/\/edublog.educastur.es\/ixuxu\/wp-json\/wp\/v2\/posts\/12984","targetHints":{"allow":["GET"]}}],"collection":[{"href":"https:\/\/edublog.educastur.es\/ixuxu\/wp-json\/wp\/v2\/posts"}],"about":[{"href":"https:\/\/edublog.educastur.es\/ixuxu\/wp-json\/wp\/v2\/types\/post"}],"author":[{"embeddable":true,"href":"https:\/\/edublog.educastur.es\/ixuxu\/wp-json\/wp\/v2\/users\/117"}],"replies":[{"embeddable":true,"href":"https:\/\/edublog.educastur.es\/ixuxu\/wp-json\/wp\/v2\/comments?post=12984"}],"version-history":[{"count":11,"href":"https:\/\/edublog.educastur.es\/ixuxu\/wp-json\/wp\/v2\/posts\/12984\/revisions"}],"predecessor-version":[{"id":13001,"href":"https:\/\/edublog.educastur.es\/ixuxu\/wp-json\/wp\/v2\/posts\/12984\/revisions\/13001"}],"wp:attachment":[{"href":"https:\/\/edublog.educastur.es\/ixuxu\/wp-json\/wp\/v2\/media?parent=12984"}],"wp:term":[{"taxonomy":"category","embeddable":true,"href":"https:\/\/edublog.educastur.es\/ixuxu\/wp-json\/wp\/v2\/categories?post=12984"},{"taxonomy":"post_tag","embeddable":true,"href":"https:\/\/edublog.educastur.es\/ixuxu\/wp-json\/wp\/v2\/tags?post=12984"}],"curies":[{"name":"wp","href":"https:\/\/api.w.org\/{rel}","templated":true}]}}