{"id":13004,"date":"2022-01-22T21:53:27","date_gmt":"2022-01-22T19:53:27","guid":{"rendered":"https:\/\/edublog.educastur.es\/ixuxu\/?p=13004"},"modified":"2022-01-22T22:01:07","modified_gmt":"2022-01-22T20:01:07","slug":"musica-premios-amas","status":"publish","type":"post","link":"https:\/\/edublog.educastur.es\/ixuxu\/2022\/01\/musica-premios-amas\/","title":{"rendered":"M\u00fasica: Premios AMAS"},"content":{"rendered":"<p style=\"text-align: center\"><a href=\"https:\/\/premiosamas.com\/wp-content\/uploads\/2021\/12\/AMAS-22.png\"><img loading=\"lazy\" decoding=\"async\" class=\"alignnone\" src=\"https:\/\/premiosamas.com\/wp-content\/uploads\/2021\/12\/AMAS-22.png\" alt=\"\" width=\"328\" height=\"410\" \/><\/a><\/p>\n<p>Les muyeres conquisten la m\u00fasica asturiana. Un total de 84 candidatures part\u00edes en 21 categor\u00edes opten a los<strong><span style=\"color: #008080\"> Premios AMAS<\/span><\/strong>, qu&#8217;abren la <strong><span style=\"color: #008080\">votaci\u00f3n popular hasta&#8217;l 13 de febreru<\/span><\/strong><\/p>\n<ul>\n<li><a href=\"https:\/\/premiosamas.com\/?fbclid=IwAR1QYFkngHRc447a7BB-GGT5BLI_SLSdEDbntd2q_CNwuF946dJ3xUylA7Y\">Web AMAS<\/a> \/<a href=\"https:\/\/www.facebook.com\/PremiosAMAS\/\">Facebook<\/a> \/ <a href=\"https:\/\/twitter.com\/premiosamas\">Twitter<\/a> \/<\/li>\n<li><a href=\"https:\/\/premiosamas.com\/nominados\/1428.mp3\">20: Canci\u00f3n M\u00fasica Urbana: IMANOL Soi de Mieres<\/a><\/li>\n<\/ul>\n<p>La organizaci\u00f3n destaca \u00abel bon momentu que vive la m\u00fasica n&#8217;Asturies, con novedaes qu&#8217;apurren m\u00fasicos menores de 20 a\u00f1os y la medr\u00eda de les muyeres tantu a la voz como nos preseos\u00bb.\u00a0Para escoyer los ganadores de les distintes categor\u00edes, puedes realizar la votaci\u00f3n al travi\u00e9s de la p\u00e1xina web oficial. <a href=\"https:\/\/premiosamas.com\/?fbclid=IwAR1QYFkngHRc447a7BB-GGT5BLI_SLSdEDbntd2q_CNwuF946dJ3xUylA7Y\"><span style=\"color: #008080\"><strong>Puedes votar equ\u00ed<\/strong><\/span><\/a>. El 4 de marzu ser\u00e1 la gala d&#8217;entrega. Va retresmitise por Radio Televisi\u00f3n del Princip\u00e1u d&#8217;Asturies.<\/p>\n","protected":false},"excerpt":{"rendered":"<p>Les muyeres conquisten la m\u00fasica asturiana. Un total de 84 candidatures part\u00edes en 21 categor\u00edes opten a los Premios AMAS, qu&#8217;abren la votaci\u00f3n popular hasta&#8217;l 13 de febreru Web AMAS \/Facebook \/ Twitter \/ 20: Canci\u00f3n M\u00fasica Urbana: IMANOL Soi de Mieres La organizaci\u00f3n destaca \u00abel bon momentu que vive la m\u00fasica n&#8217;Asturies, con novedaes [&hellip;]<\/p>\n","protected":false},"author":117,"featured_media":0,"comment_status":"open","ping_status":"open","sticky":false,"template":"","format":"standard","meta":{"footnotes":""},"categories":[35,58],"tags":[],"class_list":["post-13004","post","type-post","status-publish","format-standard","hentry","category-musica","category-premios"],"_links":{"self":[{"href":"https:\/\/edublog.educastur.es\/ixuxu\/wp-json\/wp\/v2\/posts\/13004","targetHints":{"allow":["GET"]}}],"collection":[{"href":"https:\/\/edublog.educastur.es\/ixuxu\/wp-json\/wp\/v2\/posts"}],"about":[{"href":"https:\/\/edublog.educastur.es\/ixuxu\/wp-json\/wp\/v2\/types\/post"}],"author":[{"embeddable":true,"href":"https:\/\/edublog.educastur.es\/ixuxu\/wp-json\/wp\/v2\/users\/117"}],"replies":[{"embeddable":true,"href":"https:\/\/edublog.educastur.es\/ixuxu\/wp-json\/wp\/v2\/comments?post=13004"}],"version-history":[{"count":5,"href":"https:\/\/edublog.educastur.es\/ixuxu\/wp-json\/wp\/v2\/posts\/13004\/revisions"}],"predecessor-version":[{"id":13009,"href":"https:\/\/edublog.educastur.es\/ixuxu\/wp-json\/wp\/v2\/posts\/13004\/revisions\/13009"}],"wp:attachment":[{"href":"https:\/\/edublog.educastur.es\/ixuxu\/wp-json\/wp\/v2\/media?parent=13004"}],"wp:term":[{"taxonomy":"category","embeddable":true,"href":"https:\/\/edublog.educastur.es\/ixuxu\/wp-json\/wp\/v2\/categories?post=13004"},{"taxonomy":"post_tag","embeddable":true,"href":"https:\/\/edublog.educastur.es\/ixuxu\/wp-json\/wp\/v2\/tags?post=13004"}],"curies":[{"name":"wp","href":"https:\/\/api.w.org\/{rel}","templated":true}]}}