{"id":13021,"date":"2022-01-26T09:00:15","date_gmt":"2022-01-26T07:00:15","guid":{"rendered":"https:\/\/edublog.educastur.es\/ixuxu\/?p=13021"},"modified":"2022-01-25T13:02:35","modified_gmt":"2022-01-25T11:02:35","slug":"13021","status":"publish","type":"post","link":"https:\/\/edublog.educastur.es\/ixuxu\/2022\/01\/13021\/","title":{"rendered":"D\u00eda Mundial de la Educaci\u00f3n Ambiental"},"content":{"rendered":"<p style=\"text-align: center\"><a href=\"https:\/\/diario.madrid.es\/cieacasadecampo\/wp-content\/uploads\/sites\/61\/2021\/01\/Imagen-cabecera.jpg\"><img loading=\"lazy\" decoding=\"async\" class=\"alignnone\" src=\"https:\/\/diario.madrid.es\/cieacasadecampo\/wp-content\/uploads\/sites\/61\/2021\/01\/Imagen-cabecera.jpg\" alt=\"\" width=\"547\" height=\"342\" \/><\/a><\/p>\n<p>Esti alcuentru naci\u00f3 arriendes de la declaraci\u00f3n de la Conferencia de les Naciones Xun\u00edes sobro&#8217;l Mediu Ambiente celebrada en xunu de 1972 n&#8217;Estocolmo (Suecia), na cual alderic\u00f3se <strong><span style=\"color: #008080\">la importancia de curiar el mediu ambiente<\/span><\/strong>.<\/p>\n<ul>\n<li><a href=\"https:\/\/twitter.com\/search?q=%23EA26&amp;src=typd\">#EA26 Twitter<\/a> \/<\/li>\n<\/ul>\n<p>&nbsp;<\/p>\n<p><!--more--><\/p>\n<p style=\"text-align: center\"><a href=\"https:\/\/diario.madrid.es\/cieacasadecampo\/wp-content\/uploads\/sites\/61\/2021\/01\/Imagen-Carta-de-Belgrado.jpg\"><img loading=\"lazy\" decoding=\"async\" class=\"alignnone\" src=\"https:\/\/diario.madrid.es\/cieacasadecampo\/wp-content\/uploads\/sites\/61\/2021\/01\/Imagen-Carta-de-Belgrado.jpg\" alt=\"\" width=\"1280\" height=\"648\" \/><\/a><\/p>\n<p><iframe loading=\"lazy\" title=\"La Educaci\u00f3n Ambiental en cinco minutos  - CENEAM\" width=\"840\" height=\"473\" src=\"https:\/\/www.youtube.com\/embed\/ShnSKTfBN0k?feature=oembed\" frameborder=\"0\" allow=\"accelerometer; autoplay; clipboard-write; encrypted-media; gyroscope; picture-in-picture\" allowfullscreen><\/iframe><\/p>\n","protected":false},"excerpt":{"rendered":"<p>Esti alcuentru naci\u00f3 arriendes de la declaraci\u00f3n de la Conferencia de les Naciones Xun\u00edes sobro&#8217;l Mediu Ambiente celebrada en xunu de 1972 n&#8217;Estocolmo (Suecia), na cual alderic\u00f3se la importancia de curiar el mediu ambiente. #EA26 Twitter \/ &nbsp;<\/p>\n","protected":false},"author":117,"featured_media":0,"comment_status":"open","ping_status":"open","sticky":false,"template":"","format":"standard","meta":{"footnotes":""},"categories":[6],"tags":[],"class_list":["post-13021","post","type-post","status-publish","format-standard","hentry","category-dia-de"],"_links":{"self":[{"href":"https:\/\/edublog.educastur.es\/ixuxu\/wp-json\/wp\/v2\/posts\/13021","targetHints":{"allow":["GET"]}}],"collection":[{"href":"https:\/\/edublog.educastur.es\/ixuxu\/wp-json\/wp\/v2\/posts"}],"about":[{"href":"https:\/\/edublog.educastur.es\/ixuxu\/wp-json\/wp\/v2\/types\/post"}],"author":[{"embeddable":true,"href":"https:\/\/edublog.educastur.es\/ixuxu\/wp-json\/wp\/v2\/users\/117"}],"replies":[{"embeddable":true,"href":"https:\/\/edublog.educastur.es\/ixuxu\/wp-json\/wp\/v2\/comments?post=13021"}],"version-history":[{"count":6,"href":"https:\/\/edublog.educastur.es\/ixuxu\/wp-json\/wp\/v2\/posts\/13021\/revisions"}],"predecessor-version":[{"id":13027,"href":"https:\/\/edublog.educastur.es\/ixuxu\/wp-json\/wp\/v2\/posts\/13021\/revisions\/13027"}],"wp:attachment":[{"href":"https:\/\/edublog.educastur.es\/ixuxu\/wp-json\/wp\/v2\/media?parent=13021"}],"wp:term":[{"taxonomy":"category","embeddable":true,"href":"https:\/\/edublog.educastur.es\/ixuxu\/wp-json\/wp\/v2\/categories?post=13021"},{"taxonomy":"post_tag","embeddable":true,"href":"https:\/\/edublog.educastur.es\/ixuxu\/wp-json\/wp\/v2\/tags?post=13021"}],"curies":[{"name":"wp","href":"https:\/\/api.w.org\/{rel}","templated":true}]}}