{"id":13032,"date":"2022-01-26T08:00:47","date_gmt":"2022-01-26T06:00:47","guid":{"rendered":"https:\/\/edublog.educastur.es\/ixuxu\/?p=13032"},"modified":"2022-01-30T11:40:43","modified_gmt":"2022-01-30T09:40:43","slug":"13032","status":"publish","type":"post","link":"https:\/\/edublog.educastur.es\/ixuxu\/2022\/01\/13032\/","title":{"rendered":"D\u00eda Mundial del fo\u00edn \/ zorro"},"content":{"rendered":"<p style=\"text-align: center\">El 26 de xineru celebra&#8217;l <strong><span style=\"color: #008080\">D\u00eda Mundial del Fo\u00edn<\/span><\/strong><\/p>\n<p style=\"text-align: center\"><a href=\"https:\/\/tinypix.top\/images\/2022\/01\/25\/eU4FJ.jpg\"><img loading=\"lazy\" decoding=\"async\" class=\"alignnone\" src=\"https:\/\/tinypix.top\/images\/2022\/01\/25\/eU4FJ.jpg\" alt=\"\" width=\"472\" height=\"698\" \/><\/a><\/p>\n<p>Este ye l&#8217;\u00fanicu disparu que tendr\u00eda de tar dex\u00e1u escontra un animal, el del \u201cClick\u201d del to c\u00e1mara de semeyes&#8230;<a href=\"https:\/\/www.google.com\/search?q=dia+mundial+del+zorro&amp;client=firefox-b-d&amp;sxsrf=APq-WBseRu21lI7CtlCiNoVcS7G9yy3GLw:1643535404635&amp;source=lnms&amp;tbm=isch&amp;sa=X&amp;ved=2ahUKEwji19-_ltn1AhXJ8eAKHRWjA3QQ_AUoAXoECAEQAw&amp;biw=1536&amp;bih=739&amp;dpr=1.25\">Semeyes<\/a><\/p>\n<p><!--more--><\/p>\n<p>La fecha propuesta ye&#8217;l 26 de xineru y nun ye una fecha casual: ye una fecha especialmente dif\u00edcil, y\u00e1 que am\u00e1s de la temporada de caza xeneral, cel\u00e9brense los campeonatos de caza nos que munchos d&#8217;ellos son escorr\u00edos y despedazados nes sos propies llurigues\/madrigueres.<\/p>\n<p style=\"text-align: center\"><a href=\"https:\/\/pbs.twimg.com\/media\/FKCTF-4WYAcAV7p.jpg\"><img loading=\"lazy\" decoding=\"async\" class=\"alignnone\" src=\"https:\/\/pbs.twimg.com\/media\/FKCTF-4WYAcAV7p.jpg\" alt=\"\" width=\"1200\" height=\"629\" \/><\/a><\/p>\n<p>\u00abEl fo\u00edn ye ensin dulda , unu de los animales m\u00e1s escorr\u00edos , masacrados y odiaos en casi tol mundu. C\u00e1zase-y de toles formes posibles y mientres casi tolos d\u00edes del a\u00f1u. Consider\u00e1u una alima\u00f1a a esterminar especialmente na redolada rural , cre\u00f3se en redol a \u00e9l un imaxinariu nel que siempres sale mal par\u00e1u. Lladr\u00f3n, puerco, lla\u00edn, portador d&#8217;enfermedaes y de mala suerte , rellacion\u00e1u col dia\u00f1u,la palabra castellana actual \u00abrapiega\u00bbprovien del antiguu vocablu portugu\u00e9s \u00abfo\u00edn\u00bb que significa folgazaniar.<\/p>\n<blockquote><p><span style=\"color: #008080\"><em>L&#8217;oxetivu\u00a0 ye visibilizar a esti maraviyosu animal ,pieza imprescindible nel ecosistema, seg\u00fan sensibilizar , concenciar y llamar l&#8217;atenci\u00f3n sobro la masacre a la que son somet\u00edos\u00bb.<\/em><\/span><\/p><\/blockquote>\n<p style=\"text-align: center\"><a href=\"https:\/\/aquilanaturaleza.files.wordpress.com\/2022\/01\/lumii_20220126_221328941.jpg\"><img loading=\"lazy\" decoding=\"async\" class=\"alignnone\" src=\"https:\/\/aquilanaturaleza.files.wordpress.com\/2022\/01\/lumii_20220126_221328941.jpg\" alt=\"\" width=\"1600\" height=\"899\" \/><\/a><\/p>\n<p>&nbsp;<\/p>\n","protected":false},"excerpt":{"rendered":"<p>El 26 de xineru celebra&#8217;l D\u00eda Mundial del Fo\u00edn Este ye l&#8217;\u00fanicu disparu que tendr\u00eda de tar dex\u00e1u escontra un animal, el del \u201cClick\u201d del to c\u00e1mara de semeyes&#8230;Semeyes<\/p>\n","protected":false},"author":117,"featured_media":0,"comment_status":"open","ping_status":"open","sticky":false,"template":"","format":"standard","meta":{"footnotes":""},"categories":[6,4],"tags":[],"class_list":["post-13032","post","type-post","status-publish","format-standard","hentry","category-dia-de","category-natura"],"_links":{"self":[{"href":"https:\/\/edublog.educastur.es\/ixuxu\/wp-json\/wp\/v2\/posts\/13032","targetHints":{"allow":["GET"]}}],"collection":[{"href":"https:\/\/edublog.educastur.es\/ixuxu\/wp-json\/wp\/v2\/posts"}],"about":[{"href":"https:\/\/edublog.educastur.es\/ixuxu\/wp-json\/wp\/v2\/types\/post"}],"author":[{"embeddable":true,"href":"https:\/\/edublog.educastur.es\/ixuxu\/wp-json\/wp\/v2\/users\/117"}],"replies":[{"embeddable":true,"href":"https:\/\/edublog.educastur.es\/ixuxu\/wp-json\/wp\/v2\/comments?post=13032"}],"version-history":[{"count":5,"href":"https:\/\/edublog.educastur.es\/ixuxu\/wp-json\/wp\/v2\/posts\/13032\/revisions"}],"predecessor-version":[{"id":13135,"href":"https:\/\/edublog.educastur.es\/ixuxu\/wp-json\/wp\/v2\/posts\/13032\/revisions\/13135"}],"wp:attachment":[{"href":"https:\/\/edublog.educastur.es\/ixuxu\/wp-json\/wp\/v2\/media?parent=13032"}],"wp:term":[{"taxonomy":"category","embeddable":true,"href":"https:\/\/edublog.educastur.es\/ixuxu\/wp-json\/wp\/v2\/categories?post=13032"},{"taxonomy":"post_tag","embeddable":true,"href":"https:\/\/edublog.educastur.es\/ixuxu\/wp-json\/wp\/v2\/tags?post=13032"}],"curies":[{"name":"wp","href":"https:\/\/api.w.org\/{rel}","templated":true}]}}