{"id":13050,"date":"2022-02-01T10:00:08","date_gmt":"2022-02-01T08:00:08","guid":{"rendered":"https:\/\/edublog.educastur.es\/ixuxu\/?p=13050"},"modified":"2022-02-02T22:43:30","modified_gmt":"2022-02-02T20:43:30","slug":"cartelu-del-li-festival-interceltique-de-lorient","status":"publish","type":"post","link":"https:\/\/edublog.educastur.es\/ixuxu\/2022\/02\/cartelu-del-li-festival-interceltique-de-lorient\/","title":{"rendered":"Cartelu del LI Festival Interceltique de Lorient"},"content":{"rendered":"<div class=\"region region-content\">\n<div id=\"block-system-main\" class=\"block block-system\">\n<div class=\"block-inner\">\n<div class=\"content\">\n<div id=\"node-53087\" class=\"node node-noticies node-promoted clearfix\">\n<div class=\"node-inner\">\n<div class=\"full-node\">\n<div class=\"field field-name-field-noticies-rellacionaes field-type-node-reference field-label-hidden\"><\/div>\n<div class=\"content clearfix\">\n<div class=\"field field-name-field-semeya2 field-type-image field-label-hidden\">\n<div class=\"field-items\">\n<div style=\"text-align: center\"><a href=\"https:\/\/img.europapress.es\/fotoweb\/fotonoticia_20220126191111_420.jpg\"><img loading=\"lazy\" decoding=\"async\" class=\"alignnone\" src=\"https:\/\/img.europapress.es\/fotoweb\/fotonoticia_20220126191111_420.jpg\" alt=\"\" width=\"420\" height=\"630\" \/><\/a><\/div>\n<div class=\"field-item even\"><\/div>\n<\/div>\n<\/div>\n<div class=\"field field-name-body field-type-text-with-summary field-label-hidden\">\n<div class=\"field-items\">\n<div class=\"field-item even\">\n<ul>\n<li class=\"title page-title\"><a href=\"https:\/\/asturies.com\/noticies\/los-paisaxes-dasturies-protagonicen-el-cartelu-del-li-festival-interceltique-de-lorient?fbclid=IwAR1s_jNV6RkXfpwmW6J6J-KM7B4CdMyc60GsXF9ke7WcVBiIwwEE689pnMo\">Asturies.com: Los paisaxes d&#8217;Asturies protagonicen el cartelu del LI Festival Interceltique de Lorient<\/a><\/li>\n<\/ul>\n<p>L&#8217;Urriellu identif\u00edcase na imaxe del certame bret\u00f3n, que vive l&#8217;Ann\u00e9e des Asturies esti 2022. <a href=\"https:\/\/www.festival-interceltique.bzh\/wp-content\/uploads\/2022\/01\/FIL-aff-40x60-2022-WEB.jpg\">Cartel<\/a><\/p>\n<p><!--more--><\/p>\n<p>Collores lluminosos que simbolicen el sur con tonos azules pola bandera; valles y montes que reflexen la orograf\u00eda d&#8217;Asturies, col Picu Urriellu na parte central; y un gaiteru, una pareya de baille, un tamboriteru, un percusionista y una panderetera, toos col traxe&#8217;l pa\u00eds. Son los aspeutos principales del dise\u00f1u fechu pol <a href=\"https:\/\/www.festival-interceltique.bzh\/\">Festival Interceltique de Lorient<\/a> pal cartelu de la edici\u00f3n d&#8217;esti a\u00f1u, dedicada a Asturies.<\/p>\n<p>Les feches del 2022 son del 5 al 14 d&#8217;agostu, cola presencia y\u00e1 confirmada de Cerezal y L-R, am\u00e1s de Silvia Quesada y Jos\u00e9 Manuel Tejedor na iniciativa \u2018Celtic Odys\u00e9e\u2019 xunto a artistes d&#8217;otres naciones celtes. La delegaci\u00f3n asturiana va completase con m\u00e1s artistes y formaciones de m\u00fasica y baille.<\/p>\n<p style=\"text-align: center\"><a href=\"https:\/\/asturies.com\/sites\/default\/files\/cartelu_vertical_li_festival_interceltique_de_lorient.jpg\"><img loading=\"lazy\" decoding=\"async\" class=\"alignnone\" src=\"https:\/\/asturies.com\/sites\/default\/files\/cartelu_vertical_li_festival_interceltique_de_lorient.jpg\" alt=\"\" width=\"425\" height=\"638\" \/><\/a><\/p>\n<p>La edici\u00f3n pr\u00f3xima del festival <span style=\"color: #008080\"><strong>va ser la cuarta na qu&#8217;Asturies tien esti papel<\/strong><\/span>; la primera foi nel 1998 y -yos otres dos nel 2003 y 2013. El Festival celebr\u00f3se per primer vegada na localid\u00e1 bretona en 1971 pa convertise nun puntu d&#8217;alcuentru de -yos llamaes naciones celtes.<\/p>\n<p><strong><span style=\"color: #008080\">Les rexones participantes son, am\u00e1s d&#8217;Asturies, Galicia, Irlanda, Escocia, Breta\u00f1a, Gales, Isla de Man y Cornualles.<\/span><\/strong>Dende l&#8217;a\u00f1u 2000 foron incorpor\u00e1ndose delles comunidaes con emigraci\u00f3n celta como EEUU, Australia, Nueva Zelanda, Chile, Arxentina, M\u00e9xicu Ruman\u00eda o Italia.<\/p>\n<p style=\"text-align: center\"><a href=\"https:\/\/i.pinimg.com\/736x\/6b\/f3\/c1\/6bf3c1cfaa46c5e5100158b1666df668.jpg\"><img loading=\"lazy\" decoding=\"async\" class=\"alignnone\" src=\"https:\/\/i.pinimg.com\/736x\/6b\/f3\/c1\/6bf3c1cfaa46c5e5100158b1666df668.jpg\" alt=\"\" width=\"572\" height=\"1024\" \/><\/a><\/p>\n<p>El certame bret\u00f3n ye un referente de los festivales europeos. Dende hai y\u00e1 munches ediciones, cada a\u00f1u axunta a m\u00e1s de 4.000 m\u00fasicos y a barganal de 800.000 asistentes, lo que<strong><span style=\"color: #008080\"> lu convierte nun gran escaparate con una importancia que va m\u00e1s all\u00e1 del guo valor musical<\/span><\/strong>y algama una relevante repercusi\u00f3n cultural y tur\u00edstica pa -yos rexones participantes y, fundamentalmente, pa -yos invitaes d&#8217;honor, como ye&#8217;l casu d&#8217;Asturies en 2022.<\/p>\n<\/div>\n<p style=\"text-align: center\"><em><span class=\"d2edcug0 hpfvmrgz qv66sw1b c1et5uql lr9zc1uh a8c37x1j fe6kdd0r mau55g9w c8b282yb keod5gw0 nxhoafnm aigsh9s9 d3f4x2em iv3no6db gfeo3gy3 a3bd9o3v b1v8xokw oo9gr5id hzawbc8m\" dir=\"auto\">Alcordances de la \u00faltima vegada qu&#8217;el Festival Interc\u00e9lticu<br \/>\nd&#8217;An Oriant tuvu dedic\u00e1u a la naci\u00f3n celta d&#8217;Asturies nel 2013<\/span><\/em><\/p>\n<p style=\"text-align: center\"><a href=\"https:\/\/tinypix.top\/images\/2022\/02\/02\/eVy9T.jpg\"><img loading=\"lazy\" decoding=\"async\" class=\"alignnone\" src=\"https:\/\/tinypix.top\/images\/2022\/02\/02\/eVy9T.jpg\" alt=\"\" width=\"1740\" height=\"432\" \/><\/a><\/p>\n<\/div>\n<\/div>\n<\/div>\n<\/div>\n<\/div>\n<\/div>\n<\/div>\n<\/div>\n<\/div>\n<\/div>\n<hr \/>\n<p style=\"text-align: left\"><strong><span style=\"color: #008080\">Presentaci\u00f3n del cartelu del Festival Interc\u00e9lticu de Lorient 2022<\/span><\/strong><\/p>\n<p style=\"text-align: left\">\u00a1UN CARTELU NEL CUMAL DE LA CELTITUD! Inmersi\u00f3n total nos paisaxes accident\u00e1os y montascosos d&#8217;Asturies. Un vientu del sur sopla escontra Breta\u00f1a, infundiendo un templ\u00e1u ambiente a la capital interc\u00e9ltica.<\/p>\n<p style=\"text-align: left\"><span style=\"color: #008080\">\u00a1LLUZ SOBRO EL RELIEVE!<\/span><br \/>\nNun efectu de perspectiva, atopamos los distintos relieves d&#8217;Asturies: valles, enllanaes y de xac\u00edu los montes colos famosos \u00abPicos d&#8217;Europa\u00bb , a caballu ente&#8217;l territoriu asturianu, qu&#8217;atopamos nel centru de la imaxe y que paez llevar el logo del Festival Interc\u00e9lticu.<\/p>\n<p style=\"text-align: left\"><span style=\"color: #008080\">LOS COLORES DEL SUR<\/span><br \/>\nXuna paleta de colores lluminosos pa remembrar la calidez de la naci\u00f3n celta m\u00e1s meridional. Atopamos coles mesmes l&#8217;azul, que se fai ecu de la bandera asturiana. Los xuegos de colores y testures som\u00f3rguiennos nuna atm\u00f3sfera d&#8217;atapecer.<\/p>\n<p>Les gradaciones de colores, con un azul bien escuro en\u00a0 primer planu que s&#8217;esmorez escontra colores claros, apurren xuna perspectiva pronunciada y refuercen los distintos relieves remembraos enantes<\/p>\n<p><span style=\"color: #008080\">LA BANDA DE GATES<\/span><br \/>\nEn primer planu, na cresta, destaquen les figures d&#8217;una banda de gaites y de baillarinos. Empreste atenci\u00f3n, va poder oyer el ritmu impuls\u00e1u polos tambores, les allegres melod\u00edes de les gaites, ver los flamantes vist\u00edos de les baillarines colos brazos llevantaos&#8230; Son los acordes de la Celtia del sur qu&#8217;empecipien la so llegada a Lorient. \u00a1Teamos ell\u00ed pa da-yos la bienvenida!<\/p>\n<p style=\"text-align: center\"><span style=\"color: #008080\">VEMONOS EN LORIENT<\/span><br \/>\n<span style=\"color: #008080\">DEL 5 AL 14 D&#8217;AGOSTU DE 2022<\/span><br \/>\n<span style=\"color: #008080\">@www.festival-interceltique.bz<\/span><\/p>\n","protected":false},"excerpt":{"rendered":"<p>Asturies.com: Los paisaxes d&#8217;Asturies protagonicen el cartelu del LI Festival Interceltique de Lorient L&#8217;Urriellu identif\u00edcase na imaxe del certame bret\u00f3n, que vive l&#8217;Ann\u00e9e des Asturies esti 2022. Cartel<\/p>\n","protected":false},"author":117,"featured_media":0,"comment_status":"open","ping_status":"open","sticky":false,"template":"","format":"standard","meta":{"footnotes":""},"categories":[204,35],"tags":[],"class_list":["post-13050","post","type-post","status-publish","format-standard","hentry","category-festivales","category-musica"],"_links":{"self":[{"href":"https:\/\/edublog.educastur.es\/ixuxu\/wp-json\/wp\/v2\/posts\/13050","targetHints":{"allow":["GET"]}}],"collection":[{"href":"https:\/\/edublog.educastur.es\/ixuxu\/wp-json\/wp\/v2\/posts"}],"about":[{"href":"https:\/\/edublog.educastur.es\/ixuxu\/wp-json\/wp\/v2\/types\/post"}],"author":[{"embeddable":true,"href":"https:\/\/edublog.educastur.es\/ixuxu\/wp-json\/wp\/v2\/users\/117"}],"replies":[{"embeddable":true,"href":"https:\/\/edublog.educastur.es\/ixuxu\/wp-json\/wp\/v2\/comments?post=13050"}],"version-history":[{"count":7,"href":"https:\/\/edublog.educastur.es\/ixuxu\/wp-json\/wp\/v2\/posts\/13050\/revisions"}],"predecessor-version":[{"id":13283,"href":"https:\/\/edublog.educastur.es\/ixuxu\/wp-json\/wp\/v2\/posts\/13050\/revisions\/13283"}],"wp:attachment":[{"href":"https:\/\/edublog.educastur.es\/ixuxu\/wp-json\/wp\/v2\/media?parent=13050"}],"wp:term":[{"taxonomy":"category","embeddable":true,"href":"https:\/\/edublog.educastur.es\/ixuxu\/wp-json\/wp\/v2\/categories?post=13050"},{"taxonomy":"post_tag","embeddable":true,"href":"https:\/\/edublog.educastur.es\/ixuxu\/wp-json\/wp\/v2\/tags?post=13050"}],"curies":[{"name":"wp","href":"https:\/\/api.w.org\/{rel}","templated":true}]}}