{"id":13088,"date":"2022-01-29T10:00:51","date_gmt":"2022-01-29T08:00:51","guid":{"rendered":"https:\/\/edublog.educastur.es\/ixuxu\/?p=13088"},"modified":"2022-01-29T14:32:02","modified_gmt":"2022-01-29T12:32:02","slug":"movilizacion-pola-oficialida-de-les-llingues-dasturies","status":"publish","type":"post","link":"https:\/\/edublog.educastur.es\/ixuxu\/2022\/01\/movilizacion-pola-oficialida-de-les-llingues-dasturies\/","title":{"rendered":"Movilizaci\u00f3n pola Oficialid\u00e1 de les lling\u00fces d&#8217;Asturies"},"content":{"rendered":"<p><a href=\"https:\/\/tinypix.top\/images\/2022\/01\/29\/enkv3.jpg\"><img loading=\"lazy\" decoding=\"async\" class=\"alignnone\" src=\"https:\/\/tinypix.top\/images\/2022\/01\/29\/enkv3.jpg\" alt=\"\" width=\"227\" height=\"303\" \/><\/a> \/<a href=\"https:\/\/tinypix.top\/images\/2022\/01\/29\/enmC4.jpg\"><img loading=\"lazy\" decoding=\"async\" class=\"alignnone\" src=\"https:\/\/tinypix.top\/images\/2022\/01\/29\/enmC4.jpg\" alt=\"\" width=\"325\" height=\"301\" \/><\/a><\/p>\n<ul>\n<li><a href=\"https:\/\/www.facebook.com\/exunta\/\">Fonte: XDLA<\/a><\/li>\n<\/ul>\n<div class=\"cxmmr5t8 oygrvhab hcukyx3x c1et5uql o9v6fnle ii04i59q\">\n<div dir=\"auto\">La concentraci\u00f3n va ser esti xueves 3 de febreru, a les 19:30h, na Xunta Xeneral n&#8217;Uvi\u00e9u<\/div>\n<\/div>\n<div dir=\"auto\"><\/div>\n<p><!--more--><\/p>\n<div class=\"cxmmr5t8 oygrvhab hcukyx3x c1et5uql o9v6fnle ii04i59q\">\n<div dir=\"auto\">Tamos viviendo una etapa fundamental nes negociaciones pa que los part\u00edos favorables a la oficialid\u00e1 alcuerden la reforma estatutaria que por fin reconoza los mesmos derechos a tola ciudadan\u00eda, fale la llingua que fale.<\/div>\n<div dir=\"auto\"><\/div>\n<\/div>\n<div class=\"cxmmr5t8 oygrvhab hcukyx3x c1et5uql o9v6fnle ii04i59q\">\n<div dir=\"auto\">Nun podemos perder m\u00e1s tiempu. Ye inaceptable que los part\u00edos pol\u00edticos asturianos ent\u00e1 nun atoparen el momentu pa poner remediu a esi d\u00e9ficit democr\u00e1ticu. Y esi momentu tien que ser agora.<\/div>\n<div dir=\"auto\"><\/div>\n<\/div>\n<div class=\"cxmmr5t8 oygrvhab hcukyx3x c1et5uql o9v6fnle ii04i59q\">\n<div dir=\"auto\">Vamos arrodiar la Xunta Xeneral con una \u00abO\u00bb d&#8217;oficialid\u00e1 formada poles banderes qu&#8217;enllenaron les cais d&#8217;Uvi\u00e9u nes \u00faltimes movilizaciones masives. Y vamos facelo pa recorda-yos a los nuestros diputaos y diputaes que los derechos de les persones falantes d&#8217;asturianu y de gallego-asturianu nun son aplazables o recortables.<\/div>\n<div dir=\"auto\"><\/div>\n<\/div>\n<div class=\"cxmmr5t8 oygrvhab hcukyx3x c1et5uql o9v6fnle ii04i59q\">\n<div dir=\"auto\">Trai la bandera de la oficialid\u00e1 y s\u00famate a la defensa de los nuestros derechos.<\/div>\n<\/div>\n","protected":false},"excerpt":{"rendered":"<p>\/ Fonte: XDLA La concentraci\u00f3n va ser esti xueves 3 de febreru, a les 19:30h, na Xunta Xeneral n&#8217;Uvi\u00e9u<\/p>\n","protected":false},"author":117,"featured_media":0,"comment_status":"open","ping_status":"open","sticky":false,"template":"","format":"standard","meta":{"footnotes":""},"categories":[51,50],"tags":[],"class_list":["post-13088","post","type-post","status-publish","format-standard","hentry","category-oficialida","category-xdla"],"_links":{"self":[{"href":"https:\/\/edublog.educastur.es\/ixuxu\/wp-json\/wp\/v2\/posts\/13088","targetHints":{"allow":["GET"]}}],"collection":[{"href":"https:\/\/edublog.educastur.es\/ixuxu\/wp-json\/wp\/v2\/posts"}],"about":[{"href":"https:\/\/edublog.educastur.es\/ixuxu\/wp-json\/wp\/v2\/types\/post"}],"author":[{"embeddable":true,"href":"https:\/\/edublog.educastur.es\/ixuxu\/wp-json\/wp\/v2\/users\/117"}],"replies":[{"embeddable":true,"href":"https:\/\/edublog.educastur.es\/ixuxu\/wp-json\/wp\/v2\/comments?post=13088"}],"version-history":[{"count":3,"href":"https:\/\/edublog.educastur.es\/ixuxu\/wp-json\/wp\/v2\/posts\/13088\/revisions"}],"predecessor-version":[{"id":13091,"href":"https:\/\/edublog.educastur.es\/ixuxu\/wp-json\/wp\/v2\/posts\/13088\/revisions\/13091"}],"wp:attachment":[{"href":"https:\/\/edublog.educastur.es\/ixuxu\/wp-json\/wp\/v2\/media?parent=13088"}],"wp:term":[{"taxonomy":"category","embeddable":true,"href":"https:\/\/edublog.educastur.es\/ixuxu\/wp-json\/wp\/v2\/categories?post=13088"},{"taxonomy":"post_tag","embeddable":true,"href":"https:\/\/edublog.educastur.es\/ixuxu\/wp-json\/wp\/v2\/tags?post=13088"}],"curies":[{"name":"wp","href":"https:\/\/api.w.org\/{rel}","templated":true}]}}