{"id":13125,"date":"2022-01-28T09:00:05","date_gmt":"2022-01-28T07:00:05","guid":{"rendered":"https:\/\/edublog.educastur.es\/ixuxu\/?p=13125"},"modified":"2022-01-30T11:30:58","modified_gmt":"2022-01-30T09:30:58","slug":"13125","status":"publish","type":"post","link":"https:\/\/edublog.educastur.es\/ixuxu\/2022\/01\/13125\/","title":{"rendered":"D\u00eda Mundial pol Amenorgamientu de les Emisiones de CO2"},"content":{"rendered":"<p style=\"text-align: center\"><a href=\"https:\/\/tinypix.top\/images\/2022\/01\/30\/ennYO.png\"><img loading=\"lazy\" decoding=\"async\" class=\"alignnone\" src=\"https:\/\/tinypix.top\/images\/2022\/01\/30\/ennYO.png\" alt=\"\" width=\"674\" height=\"674\" \/><\/a><\/p>\n<p>La medr\u00eda\/crecida a\u00f1al de la concentraci\u00f3n de CO2 ta aceler\u00e1ndose nos \u00faltimos a\u00f1os. Ye necesariu impulsar cambeos que conduzan a un modelu m\u00e1s sostenible, respetuosu cola naturaleza, resiliente y de baxes emisiones.<\/p>\n<ul>\n<li><a href=\"https:\/\/www.facebook.com\/fundacionbiodiversidad\/photos\/a.397691103704\/10159121644753705\"> Fonte: Fundaci\u00f3n Biodiversidad<\/a><\/li>\n<\/ul>\n<p><!--more--><\/p>\n<p>El d\u00eda 28 de xineru celebra&#8217;l <span style=\"color: #008080\"><strong>D\u00eda Mundial pol Amenorgamientu de les Emisiones de CO2<\/strong><\/span>, un d\u00eda design\u00e1u pola Organizaci\u00f3n de les Naciones Xun\u00edes (ONU) coles mires de concenciar y sensibilizar a tola poblaci\u00f3n sobro&#8217;l camb\u00e9u clim\u00e1ticu y los impactos ambientales que causa.<\/p>\n<p>L&#8217;amenorgamientu de les emisiones de CO2 ye un problema qu&#8217;incumbe a toos, empreses, instituciones y ciudadanos.<\/p>\n<p style=\"text-align: center\"><a href=\"https:\/\/www.mutuauniversal.net\/.galleries\/Noticias\/DM-emisiones-CO2_parte-2_v3.jpg\"><img loading=\"lazy\" decoding=\"async\" class=\"alignnone\" src=\"https:\/\/www.mutuauniversal.net\/.galleries\/Noticias\/DM-emisiones-CO2_parte-2_v3.jpg\" alt=\"\" width=\"960\" height=\"766\" \/><\/a><\/p>\n","protected":false},"excerpt":{"rendered":"<p>La medr\u00eda\/crecida a\u00f1al de la concentraci\u00f3n de CO2 ta aceler\u00e1ndose nos \u00faltimos a\u00f1os. Ye necesariu impulsar cambeos que conduzan a un modelu m\u00e1s sostenible, respetuosu cola naturaleza, resiliente y de baxes emisiones. Fonte: Fundaci\u00f3n Biodiversidad<\/p>\n","protected":false},"author":117,"featured_media":0,"comment_status":"open","ping_status":"open","sticky":false,"template":"","format":"standard","meta":{"footnotes":""},"categories":[6],"tags":[],"class_list":["post-13125","post","type-post","status-publish","format-standard","hentry","category-dia-de"],"_links":{"self":[{"href":"https:\/\/edublog.educastur.es\/ixuxu\/wp-json\/wp\/v2\/posts\/13125","targetHints":{"allow":["GET"]}}],"collection":[{"href":"https:\/\/edublog.educastur.es\/ixuxu\/wp-json\/wp\/v2\/posts"}],"about":[{"href":"https:\/\/edublog.educastur.es\/ixuxu\/wp-json\/wp\/v2\/types\/post"}],"author":[{"embeddable":true,"href":"https:\/\/edublog.educastur.es\/ixuxu\/wp-json\/wp\/v2\/users\/117"}],"replies":[{"embeddable":true,"href":"https:\/\/edublog.educastur.es\/ixuxu\/wp-json\/wp\/v2\/comments?post=13125"}],"version-history":[{"count":5,"href":"https:\/\/edublog.educastur.es\/ixuxu\/wp-json\/wp\/v2\/posts\/13125\/revisions"}],"predecessor-version":[{"id":13130,"href":"https:\/\/edublog.educastur.es\/ixuxu\/wp-json\/wp\/v2\/posts\/13125\/revisions\/13130"}],"wp:attachment":[{"href":"https:\/\/edublog.educastur.es\/ixuxu\/wp-json\/wp\/v2\/media?parent=13125"}],"wp:term":[{"taxonomy":"category","embeddable":true,"href":"https:\/\/edublog.educastur.es\/ixuxu\/wp-json\/wp\/v2\/categories?post=13125"},{"taxonomy":"post_tag","embeddable":true,"href":"https:\/\/edublog.educastur.es\/ixuxu\/wp-json\/wp\/v2\/tags?post=13125"}],"curies":[{"name":"wp","href":"https:\/\/api.w.org\/{rel}","templated":true}]}}