{"id":13138,"date":"2022-01-28T12:00:01","date_gmt":"2022-01-28T10:00:01","guid":{"rendered":"https:\/\/edublog.educastur.es\/ixuxu\/?p=13138"},"modified":"2022-01-30T11:48:38","modified_gmt":"2022-01-30T09:48:38","slug":"13138","status":"publish","type":"post","link":"https:\/\/edublog.educastur.es\/ixuxu\/2022\/01\/13138\/","title":{"rendered":"Delfines esfrutando en plenu ba\u00f1u en Xix\u00f3n"},"content":{"rendered":"<div style=\"width: 640px;\" class=\"wp-video\"><video class=\"wp-video-shortcode\" id=\"video-13138-1\" width=\"640\" height=\"360\" preload=\"metadata\" controls=\"controls\"><source type=\"video\/mp4\" src=\"https:\/\/migijon.com\/wp-content\/uploads\/2022\/01\/SnapInsta_272659375_357328835865260_2384701822336946201_n.mp4?_=1\" \/><a href=\"https:\/\/migijon.com\/wp-content\/uploads\/2022\/01\/SnapInsta_272659375_357328835865260_2384701822336946201_n.mp4\">https:\/\/migijon.com\/wp-content\/uploads\/2022\/01\/SnapInsta_272659375_357328835865260_2384701822336946201_n.mp4<\/a><\/video><\/div>\n<p>Los delfines derruempen San Llorienzo en plenu iviernu: \u00abNun ye habitual\u00bb<br \/>\nUn grupu de la especie mular enfusar na badea para sorpresa de los espertos tres dellos d\u00edes pola mari\u00f1a asturiana<\/p>\n<ul>\n<li>Noticia: <a href=\"https:\/\/www.lavozdeasturias.es\/noticia\/viral\/2022\/01\/27\/delfines-divierten-playa-san-lorenzo\/00031643296220913705322.htm\">La Voz<\/a>\/ <a href=\"https:\/\/www.lavozdeasturias.es\/noticia\/viral\/2022\/01\/27\/delfines-divierten-playa-san-lorenzo\/00031643296220913705322.htm?jwsource=cl\">Viudeu<\/a> \/<a href=\"https:\/\/migijon.com\/video-asi-saltan-los-delfines-con-las-olas-de-san-lorenzo\/\"> Mi Gij\u00f3n<\/a> \/<a href=\"https:\/\/www.lne.es\/gijon\/2022\/01\/27\/delfines-surcan-san-lorenzo-pleno-61999315.html\"> LNE<\/a> \/<\/li>\n<\/ul>\n<p><!--more--><\/p>\n<p>Los delfines llamaron l&#8217;atenci\u00f3n de quien pasaben pela zona y sobremanera de los surfistes que s&#8217;atopaben entrenando y detuvi\u00e9ronse para grabalo. Foi tou un espect\u00e1culu.<\/p>\n<p style=\"text-align: center\"><a href=\"https:\/\/estaticos-cdn.prensaiberica.es\/clip\/3e71e506-a0cf-478b-b8fe-18e52c19dcaa_21-9-aspect-ratio_default_1116263.jpg\"><img loading=\"lazy\" decoding=\"async\" class=\"alignnone\" src=\"https:\/\/estaticos-cdn.prensaiberica.es\/clip\/3e71e506-a0cf-478b-b8fe-18e52c19dcaa_21-9-aspect-ratio_default_1116263.jpg\" alt=\"\" width=\"1280\" height=\"548\" \/><\/a><\/p>\n<p>Nun ye la primer vegada qu&#8217;asocede y\u00e1 que estos cetaceos visiten les nueses mari\u00f1es con relativa frecuencia, pero al igual que n&#8217;otres ocasiones espertaron muncho inter\u00e9s. Nel videu grab\u00e1u por unu de los surfistes, puede vese, ensin necesid\u00e1 de ponese&#8217;l ba\u00f1ador y movese hasta l&#8217;arenal, a los delfines esfrutando en plenu ba\u00f1u.<\/p>\n\n<!-- iframe plugin v.6.0 wordpress.org\/plugins\/iframe\/ -->\n<iframe loading=\"lazy\" src=\"https:\/\/www.facebook.com\/plugins\/post.php?href=https%3A%2F%2Fwww.facebook.com%2Fphoto.php%3Ffbid%3D347585664037979%26set%3Da.136102875186260%26type%3D3&#038;show_text=true&#038;width=500\" width=\"500\" height=\"498\" style=\"border:none;overflow:hidden\" scrolling=\"no\" frameborder=\"0\" allowfullscreen=\"true\" allow=\"autoplay; clipboard-write; encrypted-media; picture-in-picture; web-share\" 0=\"\/iframe\" class=\"iframe-class\"><\/iframe>\n\n","protected":false},"excerpt":{"rendered":"<p>https:\/\/migijon.com\/wp-content\/uploads\/2022\/01\/SnapInsta_272659375_357328835865260_2384701822336946201_n.mp4 Los delfines derruempen San Llorienzo en plenu iviernu: \u00abNun ye habitual\u00bb Un grupu de la especie mular enfusar na badea para sorpresa de los espertos tres dellos d\u00edes pola mari\u00f1a asturiana Noticia: La Voz\/ Viudeu \/ Mi Gij\u00f3n \/ LNE \/<\/p>\n","protected":false},"author":117,"featured_media":0,"comment_status":"open","ping_status":"open","sticky":false,"template":"","format":"standard","meta":{"footnotes":""},"categories":[4,183],"tags":[],"class_list":["post-13138","post","type-post","status-publish","format-standard","hentry","category-natura","category-xixon"],"_links":{"self":[{"href":"https:\/\/edublog.educastur.es\/ixuxu\/wp-json\/wp\/v2\/posts\/13138","targetHints":{"allow":["GET"]}}],"collection":[{"href":"https:\/\/edublog.educastur.es\/ixuxu\/wp-json\/wp\/v2\/posts"}],"about":[{"href":"https:\/\/edublog.educastur.es\/ixuxu\/wp-json\/wp\/v2\/types\/post"}],"author":[{"embeddable":true,"href":"https:\/\/edublog.educastur.es\/ixuxu\/wp-json\/wp\/v2\/users\/117"}],"replies":[{"embeddable":true,"href":"https:\/\/edublog.educastur.es\/ixuxu\/wp-json\/wp\/v2\/comments?post=13138"}],"version-history":[{"count":6,"href":"https:\/\/edublog.educastur.es\/ixuxu\/wp-json\/wp\/v2\/posts\/13138\/revisions"}],"predecessor-version":[{"id":13140,"href":"https:\/\/edublog.educastur.es\/ixuxu\/wp-json\/wp\/v2\/posts\/13138\/revisions\/13140"}],"wp:attachment":[{"href":"https:\/\/edublog.educastur.es\/ixuxu\/wp-json\/wp\/v2\/media?parent=13138"}],"wp:term":[{"taxonomy":"category","embeddable":true,"href":"https:\/\/edublog.educastur.es\/ixuxu\/wp-json\/wp\/v2\/categories?post=13138"},{"taxonomy":"post_tag","embeddable":true,"href":"https:\/\/edublog.educastur.es\/ixuxu\/wp-json\/wp\/v2\/tags?post=13138"}],"curies":[{"name":"wp","href":"https:\/\/api.w.org\/{rel}","templated":true}]}}