{"id":13225,"date":"2022-02-01T16:10:58","date_gmt":"2022-02-01T14:10:58","guid":{"rendered":"https:\/\/edublog.educastur.es\/ixuxu\/?p=13225"},"modified":"2022-02-01T23:26:10","modified_gmt":"2022-02-01T21:26:10","slug":"consume-verdura-de-temporada","status":"publish","type":"post","link":"https:\/\/edublog.educastur.es\/ixuxu\/2022\/02\/consume-verdura-de-temporada\/","title":{"rendered":"Consume verdura de temporada: Febreru"},"content":{"rendered":"<p style=\"text-align: center\"><a href=\"https:\/\/asturias.isf.es\/wp-content\/uploads\/sites\/22\/2019\/12\/CalendarioVerdures-Asturianu-02-scaled.jpg\"><img loading=\"lazy\" decoding=\"async\" class=\"alignnone\" src=\"https:\/\/asturias.isf.es\/wp-content\/uploads\/sites\/22\/2019\/12\/CalendarioVerdures-Asturianu-02-scaled.jpg\" alt=\"\" width=\"2560\" height=\"1822\" \/><\/a><\/p>\n<p><span class=\"d2edcug0 hpfvmrgz qv66sw1b c1et5uql lr9zc1uh a8c37x1j fe6kdd0r mau55g9w c8b282yb keod5gw0 nxhoafnm aigsh9s9 d3f4x2em iv3no6db gfeo3gy3 a3bd9o3v b1v8xokw oo9gr5id hzawbc8m\" dir=\"auto\">Y\u00e1 lleg\u00f3 Febreru n&#8217;Asturies, estes son les verduras de temporada. Asina vas poder facer una cesta de la compra de cercan\u00eda!<br \/>\n<\/span><\/p>\n<ul>\n<li><a href=\"https:\/\/www.facebook.com\/photo\/?fbid=351037867026092&amp;set=a.136102875186260\">Fonte: La Voz cr\u00edtica de Xix\u00f3n<\/a> \/<a href=\"https:\/\/asturias.isf.es\/\"> https:\/\/asturias.isf.es\/<\/a><\/li>\n<li><a href=\"https:\/\/asturias.isf.es\/que-hacemos\/calendarios-las-verduras-temporada-asturias\/\">Calendarios de les verdures de temporada n&#8217;Asturies<\/a><\/li>\n<\/ul>\n","protected":false},"excerpt":{"rendered":"<p>Y\u00e1 lleg\u00f3 Febreru n&#8217;Asturies, estes son les verduras de temporada. Asina vas poder facer una cesta de la compra de cercan\u00eda! Fonte: La Voz cr\u00edtica de Xix\u00f3n \/ https:\/\/asturias.isf.es\/ Calendarios de les verdures de temporada n&#8217;Asturies<\/p>\n","protected":false},"author":117,"featured_media":0,"comment_status":"open","ping_status":"open","sticky":false,"template":"","format":"standard","meta":{"footnotes":""},"categories":[138],"tags":[],"class_list":["post-13225","post","type-post","status-publish","format-standard","hentry","category-alimentos"],"_links":{"self":[{"href":"https:\/\/edublog.educastur.es\/ixuxu\/wp-json\/wp\/v2\/posts\/13225","targetHints":{"allow":["GET"]}}],"collection":[{"href":"https:\/\/edublog.educastur.es\/ixuxu\/wp-json\/wp\/v2\/posts"}],"about":[{"href":"https:\/\/edublog.educastur.es\/ixuxu\/wp-json\/wp\/v2\/types\/post"}],"author":[{"embeddable":true,"href":"https:\/\/edublog.educastur.es\/ixuxu\/wp-json\/wp\/v2\/users\/117"}],"replies":[{"embeddable":true,"href":"https:\/\/edublog.educastur.es\/ixuxu\/wp-json\/wp\/v2\/comments?post=13225"}],"version-history":[{"count":4,"href":"https:\/\/edublog.educastur.es\/ixuxu\/wp-json\/wp\/v2\/posts\/13225\/revisions"}],"predecessor-version":[{"id":13244,"href":"https:\/\/edublog.educastur.es\/ixuxu\/wp-json\/wp\/v2\/posts\/13225\/revisions\/13244"}],"wp:attachment":[{"href":"https:\/\/edublog.educastur.es\/ixuxu\/wp-json\/wp\/v2\/media?parent=13225"}],"wp:term":[{"taxonomy":"category","embeddable":true,"href":"https:\/\/edublog.educastur.es\/ixuxu\/wp-json\/wp\/v2\/categories?post=13225"},{"taxonomy":"post_tag","embeddable":true,"href":"https:\/\/edublog.educastur.es\/ixuxu\/wp-json\/wp\/v2\/tags?post=13225"}],"curies":[{"name":"wp","href":"https:\/\/api.w.org\/{rel}","templated":true}]}}