{"id":13279,"date":"2022-02-02T11:00:56","date_gmt":"2022-02-02T09:00:56","guid":{"rendered":"https:\/\/edublog.educastur.es\/ixuxu\/?p=13279"},"modified":"2022-02-03T17:56:57","modified_gmt":"2022-02-03T15:56:57","slug":"dia-mundial-de-la-llectura-en-voz-alta-world-read-aloud-day","status":"publish","type":"post","link":"https:\/\/edublog.educastur.es\/ixuxu\/2022\/02\/dia-mundial-de-la-llectura-en-voz-alta-world-read-aloud-day\/","title":{"rendered":"D\u00eda Mundial de la Llectura en Voz Alta (World Read Aloud Day)"},"content":{"rendered":"<p style=\"text-align: center\"><a href=\"https:\/\/colegionazaret.es\/sites\/colegionazaret.es\/files\/styles\/large\/public\/images\/noticias\/world_read_aloud_day2.jpg?itok=wm9Frp0o\"><img loading=\"lazy\" decoding=\"async\" class=\"alignnone\" src=\"https:\/\/colegionazaret.es\/sites\/colegionazaret.es\/files\/styles\/large\/public\/images\/noticias\/world_read_aloud_day2.jpg?itok=wm9Frp0o\" alt=\"\" width=\"820\" height=\"350\" \/><\/a><\/p>\n<ul>\n<li>D\u00eda Mundial de la Llectura en Voz Alta (<a href=\"https:\/\/www.litworld.org\/worldreadaloudday\">World Read Aloud Day<\/a>) \/ <a href=\"https:\/\/www.comunidadbaratz.com\/blog\/11-beneficios-de-leer-en-voz-alta-a-los-peques-de-la-casa\/?fbclid=IwAR1vl4lYiAqNBE-mwD4KbeyfyEdT3oRwgikUU_hiMdiNdxTXvMSTWgTVBk0\">Beneficios<\/a><\/li>\n<li>Lit World:<a href=\"https:\/\/www.litworld.org\/\">\u00a0 web<\/a> \/<a href=\"https:\/\/twitter.com\/litworldsays\">Twitter<\/a>\/ <a href=\"https:\/\/www.facebook.com\/grupolitworld\/\">Facebook<\/a><\/li>\n<\/ul>\n<p>Esti d\u00eda <span style=\"color: #008080\"><strong>visibiliza la importancia de la llectura en voz alta, l&#8217;alfabetizaci\u00f3n como un derechu humanu y l&#8217;uni\u00f3n de comunidaes alredor de la llectura.<\/strong><\/span> Un d\u00eda d&#8217;especial relevancia esti 2022 onde munches families m\u00e1s desfavorecies qued\u00e1ronse ensin accesu a educaci\u00f3n nin llibros.<\/p>\n<p><!--more--><\/p>\n<p>&nbsp;<\/p>\n<p><span style=\"color: #008080\"><strong>Lleer en voz alta ye una de los meyores exercicios que podemos faer al pie de los nuesos ne\u00f1os.\u00a0 <\/strong><\/span><\/p>\n<p><span style=\"color: #008080\"><strong>Dalgunos beneficios de la llectura en voz alta:<\/strong> <\/span><br \/>\n<span style=\"color: #008080\"><em>1. Aumenta la imaxinaci\u00f3n y l&#8217;atenci\u00f3n. <\/em><\/span><br \/>\n<span style=\"color: #008080\"><em>2. Espierta l&#8217;inter\u00e9s y l&#8217;inter\u00e9s. <\/em><\/span><br \/>\n<span style=\"color: #008080\"><em>3. Activa la memoria. <\/em><\/span><br \/>\n<span style=\"color: #008080\"><em>4. Produz efectu de relaxaci\u00f3n. <\/em><\/span><br \/>\n<span style=\"color: #008080\"><em>5. Fortalez los llazos afeutivos. <\/em><\/span><br \/>\n<span style=\"color: #008080\"><em>6. Favorez la concentraci\u00f3n. <\/em><\/span><br \/>\n<span style=\"color: #008080\"><em>7. Ameyora la empat\u00eda y la comprensi\u00f3n escontra los dem\u00e1s. <\/em><\/span><br \/>\n<span style=\"color: #008080\"><em>8. Caltien en forma&#8217;l celebru y les capacidaes mentales. <\/em><\/span><br \/>\n<span style=\"color: #008080\"><em>9. Ameyora&#8217;l vocabulariu, la entonaci\u00f3n y l&#8217;espresivid\u00e1. <\/em><\/span><br \/>\n<span style=\"color: #008080\"><em>10. Provoca una actit\u00fa positiva escontra los llibros. <\/em><\/span><br \/>\n<em><span style=\"color: #008080\">Y, sobremanera, esperimentar el prestar d&#8217;escuchar hestories lle\u00edes en voz alta.<\/span> <\/em><\/p>\n<p style=\"text-align: center\"><img loading=\"lazy\" decoding=\"async\" class=\"alignnone \" src=\"https:\/\/images.squarespace-cdn.com\/content\/v1\/524608b4e4b0781833bcf0b5\/ccad58fc-07f1-481f-a259-9e49856f435f\/NoBackground_PolarBear.png?format=500w\" width=\"284\" height=\"322\" \/><\/p>\n<p>Esta xornada de llectura en voz alta crear en 2010 la organizaci\u00f3n ensin \u00e1nimu d&#8217;arriquecimientu <a href=\"https:\/\/www.litworld.org\/\"><span style=\"color: #008080\"><strong>Lit Worlds<\/strong><\/span><\/a>, una ONG cola misi\u00f3n d&#8217;empoderar a la infancia y los miembros de les comunidaes m\u00e1s desfavorecides al travi\u00e9s de la llectura.<\/p>\n<p>Otra de les sos misiones principales ye espublizar la importancia de la llectura compartida en voz alta. Fundada por Pam Allyn, la organizaci\u00f3n tien programes en 27 pa\u00edses de too el mundu.<\/p>\n<p>Como parte del <span style=\"color: #008080\"><strong>D\u00eda Mundial de la Llectura en Voz Alta<\/strong><\/span> ent\u00e1mense actividaes en munches escueles, cr\u00e9anse llistes de llibros encamentaos, ensame de personalidaes y famosos lleen en voz alta y otres munches iniciatives. Dende la web de Lit World hai disponible material n&#8217;ingl\u00e9s con actividaes y recursos.<\/p>\n","protected":false},"excerpt":{"rendered":"<p>D\u00eda Mundial de la Llectura en Voz Alta (World Read Aloud Day) \/ Beneficios Lit World:\u00a0 web \/Twitter\/ Facebook Esti d\u00eda visibiliza la importancia de la llectura en voz alta, l&#8217;alfabetizaci\u00f3n como un derechu humanu y l&#8217;uni\u00f3n de comunidaes alredor de la llectura. Un d\u00eda d&#8217;especial relevancia esti 2022 onde munches families m\u00e1s desfavorecies qued\u00e1ronse [&hellip;]<\/p>\n","protected":false},"author":117,"featured_media":0,"comment_status":"open","ping_status":"open","sticky":false,"template":"","format":"standard","meta":{"footnotes":""},"categories":[6],"tags":[],"class_list":["post-13279","post","type-post","status-publish","format-standard","hentry","category-dia-de"],"_links":{"self":[{"href":"https:\/\/edublog.educastur.es\/ixuxu\/wp-json\/wp\/v2\/posts\/13279","targetHints":{"allow":["GET"]}}],"collection":[{"href":"https:\/\/edublog.educastur.es\/ixuxu\/wp-json\/wp\/v2\/posts"}],"about":[{"href":"https:\/\/edublog.educastur.es\/ixuxu\/wp-json\/wp\/v2\/types\/post"}],"author":[{"embeddable":true,"href":"https:\/\/edublog.educastur.es\/ixuxu\/wp-json\/wp\/v2\/users\/117"}],"replies":[{"embeddable":true,"href":"https:\/\/edublog.educastur.es\/ixuxu\/wp-json\/wp\/v2\/comments?post=13279"}],"version-history":[{"count":3,"href":"https:\/\/edublog.educastur.es\/ixuxu\/wp-json\/wp\/v2\/posts\/13279\/revisions"}],"predecessor-version":[{"id":13323,"href":"https:\/\/edublog.educastur.es\/ixuxu\/wp-json\/wp\/v2\/posts\/13279\/revisions\/13323"}],"wp:attachment":[{"href":"https:\/\/edublog.educastur.es\/ixuxu\/wp-json\/wp\/v2\/media?parent=13279"}],"wp:term":[{"taxonomy":"category","embeddable":true,"href":"https:\/\/edublog.educastur.es\/ixuxu\/wp-json\/wp\/v2\/categories?post=13279"},{"taxonomy":"post_tag","embeddable":true,"href":"https:\/\/edublog.educastur.es\/ixuxu\/wp-json\/wp\/v2\/tags?post=13279"}],"curies":[{"name":"wp","href":"https:\/\/api.w.org\/{rel}","templated":true}]}}