{"id":13284,"date":"2022-02-02T09:10:45","date_gmt":"2022-02-02T07:10:45","guid":{"rendered":"https:\/\/edublog.educastur.es\/ixuxu\/?p=13284"},"modified":"2022-02-03T11:39:41","modified_gmt":"2022-02-03T09:39:41","slug":"dia-mundial-de-los-humedales","status":"publish","type":"post","link":"https:\/\/edublog.educastur.es\/ixuxu\/2022\/02\/dia-mundial-de-los-humedales\/","title":{"rendered":"D\u00eda Mundial de los Humedales"},"content":{"rendered":"<p style=\"text-align: center\"><a href=\"https:\/\/tinypix.top\/images\/2022\/02\/02\/eVj7p.png\"><img loading=\"lazy\" decoding=\"async\" class=\"alignnone\" src=\"https:\/\/tinypix.top\/images\/2022\/02\/02\/eVj7p.png\" alt=\"\" width=\"380\" height=\"380\" \/><\/a><\/p>\n<p>G\u00fcei celebramos el D\u00eda Mundial de los Humedales, unu de los ecosistemes m\u00e1s importantes polos servicios que nos ufierta. Espa\u00f1a, con 7\u20e36\u20e3, ye&#8217;l ? tercer pa\u00eds del mundu en n\u00famberu de humedales o g\u00fcelgues incluy\u00edes na <a href=\"https:\/\/www.miteco.gob.es\/es\/biodiversidad\/temas\/ecosistemas-y-conectividad\/conservacion-de-humedales\/ch_hum_ramsar_esp_lista.aspx\">Llista RAMSAR.<\/a><\/p>\n<ul>\n<li><a href=\"https:\/\/www.miteco.gob.es\/es\/red-parques-nacionales\/nuestros-parques\/donana\/\">Parque de Do\u00f1ana<\/a>: <a href=\"https:\/\/es.wikipedia.org\/wiki\/Parque_nacional_y_natural_de_Do%C3%B1ana\">wiki<\/a> \/ <a href=\"http:\/\/www.lastablasdedaimiel.com\/\">Tables de Daimiel<\/a> \/ <a href=\"https:\/\/drive.google.com\/file\/d\/1LsRs8IAsq6mQcAUgEV29pG3DvOfkm1J2\/preview\">VER MAPA<\/a><\/li>\n<li>Tables de Daimiel<\/li>\n<\/ul>\n<p style=\"text-align: center\">\n<!-- iframe plugin v.6.0 wordpress.org\/plugins\/iframe\/ -->\n<iframe loading=\"lazy\" src=\"https:\/\/drive.google.com\/file\/d\/1LsRs8IAsq6mQcAUgEV29pG3DvOfkm1J2\/preview\" width=\"640\" height=\"480\" allow=\"autoplay\" 0=\"\/iframe\" scrolling=\"yes\" class=\"iframe-class\" frameborder=\"0\"><\/iframe>\n<\/p>\n<p><em><!--more--><\/em><\/p>\n<blockquote><p><em>HUMEDAL: Una g\u00fcelga o humedal <span style=\"color: #008080\">ye una zona de tierra, xeneralmente plana, que la so superficie anubrise\/c\u00fabrese de manera permanente o intermitente.<\/span>\u200b Al cubrise regularmente d&#8217;agua, el suelu encharcase, quedando desprovistu d&#8217;os\u00edxenu y dando llugar a un ecosistema h\u00edbridu ente los puramente acu\u00e1ticos y los terrestres.<\/em><\/p>\n<p>nesti 2022 adquier un signific\u00e1u especial, y\u00e1 que per primer vegada esti acontecimientu cel\u00e9brase oficialmente nel contestu de les Naciones Xun\u00edes, una y bones l&#8217;Asamblea Xeneral de la ONU, nel so resolvimientu del 30 d&#8217;agostu de 2021, proclam\u00f3&#8217;l D\u00eda Mundial de les G\u00fcelgues\/humedales como una celebraci\u00f3n oficial de les Naciones Xun\u00edes.<\/p><\/blockquote>\n<ul class=\"custom-bullet\">\n<li class=\"quita-bullets\"><i class=\"fa ico-pdf\"><\/i> <a class=\"\" href=\"https:\/\/www.miteco.gob.es\/es\/biodiversidad\/temas\/ecosistemas-y-conectividad\/maparamsarnacionaljul21-min_tcm30-201066.pdf\" target=\"_blank\" rel=\"noopener\">Mapa: humedales espa\u00f1oles incluidos en la Lista Ramsar <\/a><\/li>\n<li class=\"quita-bullets\"><i class=\"fa ico-generico\"><\/i> <a class=\"\" href=\"https:\/\/www.miteco.gob.es:443\/es\/biodiversidad\/temas\/ecosistemas-y-conectividad\/conservacion-de-humedales\/buscadorhumedales.aspx\">Humedales espa\u00f1oles incluidos en la Lista Ramsar<\/a><\/li>\n<li class=\"quita-bullets\"><i class=\"fa ico-generico\"><\/i> <a class=\"\" href=\"https:\/\/www.miteco.gob.es:443\/es\/biodiversidad\/servicios\/banco-datos-naturaleza\/informacion-disponible\/ramsar.aspx\">Cartograf\u00eda digital<\/a><\/li>\n<\/ul>\n<p>Na actualid\u00e1 la Llista Ramsar incl\u00fai m\u00e1s de 2.000 g\u00fcelgues de toles rexones del mundu, globalizando una superficie cimera a 200.000.000 hai, anque estes cifres varien a l&#8217;alza.<\/p>\n<p>En realid\u00e1 la Llista Ramsar ye una llista de prest\u00edu, y\u00e1 que <span style=\"color: #008080\">integra les zones h\u00famedes m\u00e1s importantes del mundu dende&#8217;l puntu de vista del so inter\u00e9s ecol\u00f3xicu y para el caltenimientu de la biodiversid\u00e1.<\/span><\/p>\n<p>Espa\u00f1a ratific\u00f3&#8217;l Conveniu de Ramsar en 1982 ya incluy\u00f3 ent\u00f3s<strong><span style=\"text-decoration: underline\"><span style=\"color: #008080;text-decoration: underline\"> dos zones h\u00famedes<\/span><\/span><\/strong> na Llista de G\u00fcelgues d&#8217;Importancia Internacional: <span style=\"color: #008080\"><strong>Do\u00f1ana y les Tables de Daimiel<\/strong><\/span>. Dende ent\u00f3s hasta&#8217;l momentu incluy\u00e9ronse munches m\u00e1s g\u00fcelgues espa\u00f1oles nesta Llista, como xusta representaci\u00f3n de la riqueza del nuesu patrimoniu h\u00famedu y de la so singularid\u00e1 nel marcu mundial.<\/p>\n","protected":false},"excerpt":{"rendered":"<p>G\u00fcei celebramos el D\u00eda Mundial de los Humedales, unu de los ecosistemes m\u00e1s importantes polos servicios que nos ufierta. Espa\u00f1a, con 7\u20e36\u20e3, ye&#8217;l ? tercer pa\u00eds del mundu en n\u00famberu de humedales o g\u00fcelgues incluy\u00edes na Llista RAMSAR. Parque de Do\u00f1ana: wiki \/ Tables de Daimiel \/ VER MAPA Tables de Daimiel<\/p>\n","protected":false},"author":117,"featured_media":0,"comment_status":"open","ping_status":"open","sticky":false,"template":"","format":"standard","meta":{"footnotes":""},"categories":[6],"tags":[],"class_list":["post-13284","post","type-post","status-publish","format-standard","hentry","category-dia-de"],"_links":{"self":[{"href":"https:\/\/edublog.educastur.es\/ixuxu\/wp-json\/wp\/v2\/posts\/13284","targetHints":{"allow":["GET"]}}],"collection":[{"href":"https:\/\/edublog.educastur.es\/ixuxu\/wp-json\/wp\/v2\/posts"}],"about":[{"href":"https:\/\/edublog.educastur.es\/ixuxu\/wp-json\/wp\/v2\/types\/post"}],"author":[{"embeddable":true,"href":"https:\/\/edublog.educastur.es\/ixuxu\/wp-json\/wp\/v2\/users\/117"}],"replies":[{"embeddable":true,"href":"https:\/\/edublog.educastur.es\/ixuxu\/wp-json\/wp\/v2\/comments?post=13284"}],"version-history":[{"count":5,"href":"https:\/\/edublog.educastur.es\/ixuxu\/wp-json\/wp\/v2\/posts\/13284\/revisions"}],"predecessor-version":[{"id":13315,"href":"https:\/\/edublog.educastur.es\/ixuxu\/wp-json\/wp\/v2\/posts\/13284\/revisions\/13315"}],"wp:attachment":[{"href":"https:\/\/edublog.educastur.es\/ixuxu\/wp-json\/wp\/v2\/media?parent=13284"}],"wp:term":[{"taxonomy":"category","embeddable":true,"href":"https:\/\/edublog.educastur.es\/ixuxu\/wp-json\/wp\/v2\/categories?post=13284"},{"taxonomy":"post_tag","embeddable":true,"href":"https:\/\/edublog.educastur.es\/ixuxu\/wp-json\/wp\/v2\/tags?post=13284"}],"curies":[{"name":"wp","href":"https:\/\/api.w.org\/{rel}","templated":true}]}}