{"id":13310,"date":"2022-02-03T09:00:07","date_gmt":"2022-02-03T07:00:07","guid":{"rendered":"https:\/\/edublog.educastur.es\/ixuxu\/?p=13310"},"modified":"2022-02-03T11:38:26","modified_gmt":"2022-02-03T09:38:26","slug":"dia-internacional-del-abogau","status":"publish","type":"post","link":"https:\/\/edublog.educastur.es\/ixuxu\/2022\/02\/dia-internacional-del-abogau\/","title":{"rendered":"D\u00eda Internacional del Abog\u00e1u"},"content":{"rendered":"<p style=\"text-align: center\"><img loading=\"lazy\" decoding=\"async\" class=\"alignnone \" src=\"http:\/\/abogadoarroyoesgueva.com\/wp-content\/uploads\/2020\/02\/abogado-dia-internacional.jpg\" width=\"522\" height=\"522\" \/><\/p>\n<p>El 3 de febreru celebra&#8217;l <span style=\"color: #008080\"><strong>D\u00eda Internacional del Abog\u00e1u<\/strong><\/span>, coles mires de reconocer el llabor de los homes y muyeres de lleis que trabayen para consiguir un mundu m\u00e1s xustu, na defensa xur\u00eddica a persones, tramitaci\u00f3n de procesos xudiciales, alministrativos y mediaci\u00f3n de negociaciones y conflictos llaborales, ente otres competencies.<\/p>\n<p><!--more--><\/p>\n<p>Un abog\u00e1u ye un <span style=\"color: #008080\">profesional universitariu gradu\u00e1u en Derechu<\/span>, que tien de tar colex\u00e1u para poder exercer el so oficiu, que trai delles funciones y competencies, tales como<span style=\"color: #008080\"> asesorar, defender procesos xudiciales y xestionar temes en diverses materies rellacionaes col derechu.<\/span><\/p>\n","protected":false},"excerpt":{"rendered":"<p>El 3 de febreru celebra&#8217;l D\u00eda Internacional del Abog\u00e1u, coles mires de reconocer el llabor de los homes y muyeres de lleis que trabayen para consiguir un mundu m\u00e1s xustu, na defensa xur\u00eddica a persones, tramitaci\u00f3n de procesos xudiciales, alministrativos y mediaci\u00f3n de negociaciones y conflictos llaborales, ente otres competencies.<\/p>\n","protected":false},"author":117,"featured_media":0,"comment_status":"open","ping_status":"open","sticky":false,"template":"","format":"standard","meta":{"footnotes":""},"categories":[6],"tags":[],"class_list":["post-13310","post","type-post","status-publish","format-standard","hentry","category-dia-de"],"_links":{"self":[{"href":"https:\/\/edublog.educastur.es\/ixuxu\/wp-json\/wp\/v2\/posts\/13310","targetHints":{"allow":["GET"]}}],"collection":[{"href":"https:\/\/edublog.educastur.es\/ixuxu\/wp-json\/wp\/v2\/posts"}],"about":[{"href":"https:\/\/edublog.educastur.es\/ixuxu\/wp-json\/wp\/v2\/types\/post"}],"author":[{"embeddable":true,"href":"https:\/\/edublog.educastur.es\/ixuxu\/wp-json\/wp\/v2\/users\/117"}],"replies":[{"embeddable":true,"href":"https:\/\/edublog.educastur.es\/ixuxu\/wp-json\/wp\/v2\/comments?post=13310"}],"version-history":[{"count":4,"href":"https:\/\/edublog.educastur.es\/ixuxu\/wp-json\/wp\/v2\/posts\/13310\/revisions"}],"predecessor-version":[{"id":13314,"href":"https:\/\/edublog.educastur.es\/ixuxu\/wp-json\/wp\/v2\/posts\/13310\/revisions\/13314"}],"wp:attachment":[{"href":"https:\/\/edublog.educastur.es\/ixuxu\/wp-json\/wp\/v2\/media?parent=13310"}],"wp:term":[{"taxonomy":"category","embeddable":true,"href":"https:\/\/edublog.educastur.es\/ixuxu\/wp-json\/wp\/v2\/categories?post=13310"},{"taxonomy":"post_tag","embeddable":true,"href":"https:\/\/edublog.educastur.es\/ixuxu\/wp-json\/wp\/v2\/tags?post=13310"}],"curies":[{"name":"wp","href":"https:\/\/api.w.org\/{rel}","templated":true}]}}