{"id":13339,"date":"2022-02-04T12:00:11","date_gmt":"2022-02-04T10:00:11","guid":{"rendered":"https:\/\/edublog.educastur.es\/ixuxu\/?p=13339"},"modified":"2022-02-04T20:50:27","modified_gmt":"2022-02-04T18:50:27","slug":"dia-mundial-contral-cancer","status":"publish","type":"post","link":"https:\/\/edublog.educastur.es\/ixuxu\/2022\/02\/dia-mundial-contral-cancer\/","title":{"rendered":"D\u00eda Mundial contra&#8217;l C\u00e1ncer"},"content":{"rendered":"<p style=\"text-align: center\"><a href=\"https:\/\/tinypix.top\/images\/2022\/02\/04\/edYli.jpg\"><img loading=\"lazy\" decoding=\"async\" class=\"alignnone\" src=\"https:\/\/tinypix.top\/images\/2022\/02\/04\/edYli.jpg\" alt=\"\" width=\"800\" height=\"450\" \/><\/a><\/p>\n<p>Cada 4 de febreru celebra&#8217;l <span style=\"color: #008080\"><strong>D\u00eda Mundial contra&#8217;l C\u00e1ncer<\/strong><\/span>, una fecha destinada a espublizar informaci\u00f3n sobre xuna de les enfermedaes que m\u00e1s incidencia tienen sobro la poblaci\u00f3n.<\/p>\n<ul>\n<li><a href=\"https:\/\/www.conmishijos.com\/galerias\/que-es-el-cancer\/?fbclid=IwAR2KcmUuzJpZ_NDvDZfkytoj5KsnXbRkU4vXF7ZJLGG9i-oYmQFy44T73rw\">Fonte noticia: Con Mis Hijos<\/a><\/li>\n<\/ul>\n<p><!--more--><\/p>\n<p style=\"text-align: center\"><span style=\"color: #008080\">\u00bfQu\u00e9 ye&#8217;l c\u00e1ncer? Esplicaci\u00f3n senciella pa ne\u00f1os (10 semeyes)<\/span><\/p>\n<div class=\"col-md-8\">\n<div id=\"content\">\n<article>\n<div class=\"content\">\n<div class=\"gallery\">\n<ul>\n<li><a title=\"1. Todo comienza en la c\u00e9lula...\" href=\"https:\/\/www.conmishijos.com\/galerias\/que-es-el-cancer\/1\/\"><img decoding=\"async\" class=\"lazyload\" src=\"https:\/\/www.conmishijos.com\/thumbs\/posts\/12000\/12597-cancer1_100x75.jpg\" alt=\"1. Todo comienza en la c\u00e9lula...\" data-src=\"https:\/\/www.conmishijos.com\/thumbs\/posts\/12000\/12597-cancer1_100x75.jpg\" \/><\/a><\/li>\n<li><a title=\"2. Los tumores benignos y malignos\" href=\"https:\/\/www.conmishijos.com\/galerias\/que-es-el-cancer\/2\/\"><img decoding=\"async\" class=\"lazyload\" src=\"https:\/\/www.conmishijos.com\/thumbs\/posts\/12000\/12598-cancer2_100x75.jpg\" alt=\"2. Los tumores benignos y malignos\" data-src=\"https:\/\/www.conmishijos.com\/thumbs\/posts\/12000\/12598-cancer2_100x75.jpg\" \/><\/a><\/li>\n<li><a title=\"3. Las c\u00e9lulas m\u00e1s peligrosas\" href=\"https:\/\/www.conmishijos.com\/galerias\/que-es-el-cancer\/3\/\"><img decoding=\"async\" class=\"lazyload\" src=\"https:\/\/www.conmishijos.com\/thumbs\/posts\/12000\/12599-cancer3_100x75.jpg\" alt=\"3. Las c\u00e9lulas m\u00e1s peligrosas\" data-src=\"https:\/\/www.conmishijos.com\/thumbs\/posts\/12000\/12599-cancer3_100x75.jpg\" \/><\/a><\/li>\n<li><a title=\"4. \u00bfQu\u00e9 es el c\u00e1ncer?\" href=\"https:\/\/www.conmishijos.com\/galerias\/que-es-el-cancer\/4\/\"><img decoding=\"async\" class=\"lazyload\" src=\"https:\/\/www.conmishijos.com\/thumbs\/posts\/12000\/12600-cancer4_100x75.jpg\" alt=\"4. \u00bfQu\u00e9 es el c\u00e1ncer?\" data-src=\"https:\/\/www.conmishijos.com\/thumbs\/posts\/12000\/12600-cancer4_100x75.jpg\" \/><\/a><\/li>\n<li><a title=\"5. El interior de la c\u00e9lula: cromosomas, genes, prote\u00ednas...\" href=\"https:\/\/www.conmishijos.com\/galerias\/que-es-el-cancer\/5\/\"><img decoding=\"async\" class=\"lazyload\" src=\"https:\/\/www.conmishijos.com\/thumbs\/posts\/12000\/12601-cancer5_100x75.jpg\" alt=\"5. El interior de la c\u00e9lula: cromosomas, genes, prote\u00ednas...\" data-src=\"https:\/\/www.conmishijos.com\/thumbs\/posts\/12000\/12601-cancer5_100x75.jpg\" \/><\/a><\/li>\n<li><a title=\"6. Cuando hay problemas en los genes\" href=\"https:\/\/www.conmishijos.com\/galerias\/que-es-el-cancer\/6\/\"><img decoding=\"async\" class=\"lazyload\" src=\"https:\/\/www.conmishijos.com\/thumbs\/posts\/12000\/12602-cancer6_100x75.jpg\" alt=\"6. Cuando hay problemas en los genes\" data-src=\"https:\/\/www.conmishijos.com\/thumbs\/posts\/12000\/12602-cancer6_100x75.jpg\" \/><\/a><\/li>\n<li><a title=\"7. Por qu\u00e9 aparece el c\u00e1ncer\" href=\"https:\/\/www.conmishijos.com\/galerias\/que-es-el-cancer\/7\/\"><img decoding=\"async\" class=\"lazyload\" src=\"https:\/\/www.conmishijos.com\/thumbs\/posts\/12000\/12603-cancer7_100x75.jpg\" alt=\"7. Por qu\u00e9 aparece el c\u00e1ncer\" data-src=\"https:\/\/www.conmishijos.com\/thumbs\/posts\/12000\/12603-cancer7_100x75.jpg\" \/><\/a><\/li>\n<li><a title=\"8. \u00bfFactores gen\u00e9ticos o hereditarios?\" href=\"https:\/\/www.conmishijos.com\/galerias\/que-es-el-cancer\/8\/\"><img decoding=\"async\" class=\"lazyload\" src=\"https:\/\/www.conmishijos.com\/thumbs\/posts\/12000\/12604-cancer8_100x75.jpg\" alt=\"8. \u00bfFactores gen\u00e9ticos o hereditarios?\" data-src=\"https:\/\/www.conmishijos.com\/thumbs\/posts\/12000\/12604-cancer8_100x75.jpg\" \/><\/a><\/li>\n<li><a title=\"9. Tipos de c\u00e1ncer\" href=\"https:\/\/www.conmishijos.com\/galerias\/que-es-el-cancer\/9\/\"><img decoding=\"async\" class=\"lazyload\" src=\"https:\/\/www.conmishijos.com\/thumbs\/posts\/12000\/12605-cancer9_100x75.jpg\" alt=\"9. Tipos de c\u00e1ncer\" data-src=\"https:\/\/www.conmishijos.com\/thumbs\/posts\/12000\/12605-cancer9_100x75.jpg\" \/><\/a><\/li>\n<li><a title=\"10. Tratamientos\" href=\"https:\/\/www.conmishijos.com\/galerias\/que-es-el-cancer\/10\/\"><img decoding=\"async\" class=\"lazyload\" src=\"https:\/\/www.conmishijos.com\/thumbs\/posts\/12000\/12606-cancer10_100x75.jpg\" alt=\"10. Tratamientos\" data-src=\"https:\/\/www.conmishijos.com\/thumbs\/posts\/12000\/12606-cancer10_100x75.jpg\" \/><\/a><br \/>\n<h4><\/h4>\n<\/li>\n<\/ul>\n<p style=\"text-align: center\"><a href=\"https:\/\/eimia.uclm.es\/wp-content\/uploads\/2021\/02\/d%C3%ADa-internacional-contra-el-c%C3%A1ncer.jpg\"><img loading=\"lazy\" decoding=\"async\" class=\"alignnone\" src=\"https:\/\/eimia.uclm.es\/wp-content\/uploads\/2021\/02\/d%C3%ADa-internacional-contra-el-c%C3%A1ncer.jpg\" alt=\"\" width=\"562\" height=\"404\" \/><\/a><\/p>\n<\/div>\n<\/div>\n<div id=\"postrelations\"><\/div>\n<\/article>\n<\/div>\n<\/div>\n<div class=\"col-md-4\">\n<div id=\"sidebar\">\n<div class=\"widget\"><\/div>\n<\/div>\n<\/div>\n<p>Y ye que, el c\u00e1ncer ye y va siguir siendo un problema de sal\u00fa central na nuesa socied\u00e1 pero se sabe que, la prevenci\u00f3n ye fundamental pa tratar y curar esta enfermed\u00e1. Poro, dende <a href=\"https:\/\/www.conmishijos.com\">Conmishijos.com<\/a> creemos que la informaci\u00f3n sobro&#8217;l c\u00e1ncer puede salvar vides y esta informaci\u00f3n, hai de llegar inclusive a los m\u00e1s pequenos.<\/p>\n<p>Amos\u00e9moste xuna esplicaci\u00f3n senciella pa ne\u00f1os y adolescentes sobro qu\u00e9 ye&#8217;l c\u00e1ncer, c\u00f3mo se desenvuelve la enfermed\u00e1, qu\u00e9 tipos de c\u00e1nceres hai, por qu\u00e9 apaez y cu\u00e1l ye&#8217;l tratamientu actual. Al travi\u00e9s de les imaxes d&#8217;esta galer\u00eda fotogr\u00e1fica, los tos f\u00edos van poder aprender m\u00e1s y tar al d\u00eda sobro l&#8217;actualid\u00e1 del c\u00e1ncer.<\/p>\n<p>Datos sobro&#8217;l c\u00e1ncer<\/p>\n<p>Millones de persones viven cola enfermed\u00e1 y alredor del 40 per cientu de tolos casos de c\u00e1ncer podr\u00eden evitase con un estilu de vida saludable una y bones aprosimao un 30% de les muertes por c\u00e1ncer debense a factores de riesgu alimentarios y de malos vezos de sal\u00fa.<\/p>\n<p>Seg\u00fan la Organizaci\u00f3n Mundial de la Sal\u00fa, el c\u00e1ncer ye xuna de les primeres causes de muerte a nivel mundial; en 2012 atribuy\u00e9ronse-y 8,2 millones de muertes. Los que causen un mayor n\u00famberu de muertes son los de pulm\u00f3n, f\u00e9gadu, est\u00f3magu, colon y mama.<\/p>\n<p>En concretu, cada 19 d&#8217;ochobre celebra&#8217;l D\u00eda Mundial Contra&#8217;l C\u00e1ncer de Mama. <span style=\"color: #008080\">El c\u00e1ncer de mama ye&#8217;l tumor malinu m\u00e1s frecuente ente la poblaci\u00f3n femenina<\/span>. Por eso, la prevenci\u00f3n ye&#8217;l meyor tratamientu.<\/p>\n<p>Seg\u00fan el Dr. Manel Esteller, Premiu Nacional de Xen\u00e9tica en 2011: \u00abAngua\u00f1o hai inda enormes diferencies nes tases de supervivencia d&#8217;unos tumores y otros. Nel c\u00e1ncer de mama lleg\u00f3se a tases d&#8217;un 85% de supervivencia, ente qu&#8217;hai otros c\u00e1nceres con una alta tasa de mortalid\u00e1 y unos \u00edndices de supervivencia de, apenes, un 10%, como&#8217;l d&#8217;entrellenzu\u00bb. Esti reconoc\u00edu cient\u00edficu piensa que, \u00aben diez a\u00f1os, podr\u00e1 dicise de forma xen\u00e9rica que dos de #cada tr\u00e9s enfermos de c\u00e1ncer van llograr sobrevivir, anque va depender del tipu de tumor que s\u00eda\u00bb.<\/p>\n<p>Fuentes: OMS, Asociaci\u00f3n Espa\u00f1ola contra&#8217;l C\u00e1ncer (AECC), Institutu Nacional del C\u00e1ncer de EE. UU., Manel Esteller, m\u00e9dicu y xenetista, Dra. Laskin, *cofundadora de POG (Ensayu Cl\u00ednicu Oncol\u00f3xicu Personaliz\u00e1u de l&#8217;Axencia del C\u00e1ncer de la Columbia Brit\u00e1nica). Descodificando el c\u00e1ncer (documental), KidsHealth.org, Wikipedia.<\/p>\n<p>&nbsp;<\/p>\n","protected":false},"excerpt":{"rendered":"<p>Cada 4 de febreru celebra&#8217;l D\u00eda Mundial contra&#8217;l C\u00e1ncer, una fecha destinada a espublizar informaci\u00f3n sobre xuna de les enfermedaes que m\u00e1s incidencia tienen sobro la poblaci\u00f3n. Fonte noticia: Con Mis Hijos<\/p>\n","protected":false},"author":117,"featured_media":0,"comment_status":"open","ping_status":"open","sticky":false,"template":"","format":"standard","meta":{"footnotes":""},"categories":[6],"tags":[],"class_list":["post-13339","post","type-post","status-publish","format-standard","hentry","category-dia-de"],"_links":{"self":[{"href":"https:\/\/edublog.educastur.es\/ixuxu\/wp-json\/wp\/v2\/posts\/13339","targetHints":{"allow":["GET"]}}],"collection":[{"href":"https:\/\/edublog.educastur.es\/ixuxu\/wp-json\/wp\/v2\/posts"}],"about":[{"href":"https:\/\/edublog.educastur.es\/ixuxu\/wp-json\/wp\/v2\/types\/post"}],"author":[{"embeddable":true,"href":"https:\/\/edublog.educastur.es\/ixuxu\/wp-json\/wp\/v2\/users\/117"}],"replies":[{"embeddable":true,"href":"https:\/\/edublog.educastur.es\/ixuxu\/wp-json\/wp\/v2\/comments?post=13339"}],"version-history":[{"count":2,"href":"https:\/\/edublog.educastur.es\/ixuxu\/wp-json\/wp\/v2\/posts\/13339\/revisions"}],"predecessor-version":[{"id":13356,"href":"https:\/\/edublog.educastur.es\/ixuxu\/wp-json\/wp\/v2\/posts\/13339\/revisions\/13356"}],"wp:attachment":[{"href":"https:\/\/edublog.educastur.es\/ixuxu\/wp-json\/wp\/v2\/media?parent=13339"}],"wp:term":[{"taxonomy":"category","embeddable":true,"href":"https:\/\/edublog.educastur.es\/ixuxu\/wp-json\/wp\/v2\/categories?post=13339"},{"taxonomy":"post_tag","embeddable":true,"href":"https:\/\/edublog.educastur.es\/ixuxu\/wp-json\/wp\/v2\/tags?post=13339"}],"curies":[{"name":"wp","href":"https:\/\/api.w.org\/{rel}","templated":true}]}}