{"id":13354,"date":"2022-02-04T20:47:15","date_gmt":"2022-02-04T18:47:15","guid":{"rendered":"https:\/\/edublog.educastur.es\/ixuxu\/?p=13354"},"modified":"2022-02-06T15:03:18","modified_gmt":"2022-02-06T13:03:18","slug":"mazcaritos-duvieu-convidanos-a-talleres-dantroxu","status":"publish","type":"post","link":"https:\/\/edublog.educastur.es\/ixuxu\/2022\/02\/mazcaritos-duvieu-convidanos-a-talleres-dantroxu\/","title":{"rendered":"Mazcaritos d&#8217;Uvi\u00e9u convidanos a talleres d&#8217;antroxu"},"content":{"rendered":"<div class=\"cxmmr5t8 oygrvhab hcukyx3x c1et5uql o9v6fnle ii04i59q\">\n<div dir=\"auto\"><\/div>\n<div dir=\"auto\" style=\"text-align: center\"><a href=\"https:\/\/tinypix.top\/images\/2022\/02\/04\/edI5h.jpg\"><img loading=\"lazy\" decoding=\"async\" class=\"alignnone\" src=\"https:\/\/tinypix.top\/images\/2022\/02\/04\/edI5h.jpg\" alt=\"\" width=\"511\" height=\"615\" \/><\/a><\/div>\n<div dir=\"auto\"><\/div>\n<div dir=\"auto\">Queremos convidaros a los talleres d\u2019antroxu que vamos facer los s\u00e1bados d\u2019esti mes de febreru nos llocales del Llar La Llegra, Postigu Baxu 40, en collaboraci\u00f3n con Reciella, Families pol asturianu.<\/div>\n<div dir=\"auto\"><!--more--><\/div>\n<\/div>\n<div class=\"cxmmr5t8 oygrvhab hcukyx3x c1et5uql o9v6fnle ii04i59q\">\n<ul>\n<li><em><span style=\"color: #008080\">S\u00e1badu 5 de febreru, de 17,30 a 19h. Taller de Personaxes del Antroxu d\u2019Uvi\u00e9u.<\/span><\/em><\/li>\n<li><em><span style=\"color: #008080\">S\u00e1badu 12 de febreru, de 17,30 a 19h taller d\u2019Antroxos y m\u00e1zcares.<\/span><\/em><\/li>\n<li><em><span style=\"color: #008080\">S\u00e1badu 19 de febreru, de 17,30 a 19h taller d\u2019antroxos, danza, m\u00fasica y coples.<\/span><\/em><\/li>\n<\/ul>\n<\/div>\n<div class=\"cxmmr5t8 oygrvhab hcukyx3x c1et5uql o9v6fnle ii04i59q\">\n<div dir=\"auto\">Asina vamos armar la comparsa -esti a\u00f1u conxunta, de ne\u00f1os\/es y grandes- y \u00a1ala! a correr l\u2019antroxu pel Antiguo.<\/div>\n<\/div>\n<div class=\"cxmmr5t8 oygrvhab hcukyx3x c1et5uql o9v6fnle ii04i59q\">\n<div dir=\"auto\">Apunt\u00e1i los d\u00edes:<\/div>\n<ul>\n<li><span style=\"color: #008080\"><em>24, Xueves de Comadres, <\/em><\/span><\/li>\n<li><span style=\"color: #008080\"><em>26, S\u00e1badu Frixueleru, plantamos la Vieya, <\/em><\/span><\/li>\n<li><span style=\"color: #008080\"><em>27, Domingu Gordu, <\/em><\/span><\/li>\n<li><span style=\"color: #008080\"><em>28, Llunes d\u2019Antroxu, Aguinaldu de Mazcaritinos, <\/em><\/span><\/li>\n<li><span style=\"color: #008080\"><em>1\u00a0 Marzu, Martes d\u2019Antroxu, enterramos la Sardina. <\/em><\/span><\/li>\n<li><span style=\"color: #008080\"><em>19\u00a0 Marzu, S\u00e1badu, partimos la Cuaresma con La Vieya del Carbay\u00f3n.<\/em><\/span><\/li>\n<\/ul>\n<div dir=\"auto\">Con esta programaci\u00f3n hai xera abondo y folixa asegurao. Podeis dir apuntando los d\u00edes y dir pensando los m\u00e1zcaros que m\u00e1s vos acomoden. Anim\u00e1ivos a antroxar con n\u00f3s, qu\u2019entamamos ma\u00f1ana y vamos armala mui gorda. Los Mazcaritinos que se preparen y los Mazcaritos que nun se duerman nel xerg\u00f3n.<\/div>\n<div dir=\"auto\">\u00a1Puxa l\u2019antroxu d\u2019Uvi\u00e9u! \u00a1Llarga vida a los Mazcaritos!<\/div>\n<div dir=\"auto\">P\u2019apuntase (a toos o cualquiera de los d\u00edes), pod\u00e9is facelo nesti corr\u00e9u: <span style=\"text-decoration: underline\"><span style=\"color: #008080;text-decoration: underline\">mazcaritosduvieu@gmail.com.<\/span><\/span><\/div>\n<\/div>\n<div dir=\"auto\" style=\"text-align: center\">\n<!-- iframe plugin v.6.0 wordpress.org\/plugins\/iframe\/ -->\n<iframe loading=\"lazy\" width=\"100%\" height=\"425\" src=\"https:\/\/www.youtube.com\/embed\/uVLlfRm-ybI\" 0=\"\/iframe\" scrolling=\"yes\" class=\"iframe-class\" frameborder=\"0\"><\/iframe>\n<\/div>\n","protected":false},"excerpt":{"rendered":"<p>Queremos convidaros a los talleres d\u2019antroxu que vamos facer los s\u00e1bados d\u2019esti mes de febreru nos llocales del Llar La Llegra, Postigu Baxu 40, en collaboraci\u00f3n con Reciella, Families pol asturianu.<\/p>\n","protected":false},"author":117,"featured_media":0,"comment_status":"open","ping_status":"open","sticky":false,"template":"","format":"standard","meta":{"footnotes":""},"categories":[103],"tags":[],"class_list":["post-13354","post","type-post","status-publish","format-standard","hentry","category-mazcaraes"],"_links":{"self":[{"href":"https:\/\/edublog.educastur.es\/ixuxu\/wp-json\/wp\/v2\/posts\/13354","targetHints":{"allow":["GET"]}}],"collection":[{"href":"https:\/\/edublog.educastur.es\/ixuxu\/wp-json\/wp\/v2\/posts"}],"about":[{"href":"https:\/\/edublog.educastur.es\/ixuxu\/wp-json\/wp\/v2\/types\/post"}],"author":[{"embeddable":true,"href":"https:\/\/edublog.educastur.es\/ixuxu\/wp-json\/wp\/v2\/users\/117"}],"replies":[{"embeddable":true,"href":"https:\/\/edublog.educastur.es\/ixuxu\/wp-json\/wp\/v2\/comments?post=13354"}],"version-history":[{"count":3,"href":"https:\/\/edublog.educastur.es\/ixuxu\/wp-json\/wp\/v2\/posts\/13354\/revisions"}],"predecessor-version":[{"id":13424,"href":"https:\/\/edublog.educastur.es\/ixuxu\/wp-json\/wp\/v2\/posts\/13354\/revisions\/13424"}],"wp:attachment":[{"href":"https:\/\/edublog.educastur.es\/ixuxu\/wp-json\/wp\/v2\/media?parent=13354"}],"wp:term":[{"taxonomy":"category","embeddable":true,"href":"https:\/\/edublog.educastur.es\/ixuxu\/wp-json\/wp\/v2\/categories?post=13354"},{"taxonomy":"post_tag","embeddable":true,"href":"https:\/\/edublog.educastur.es\/ixuxu\/wp-json\/wp\/v2\/tags?post=13354"}],"curies":[{"name":"wp","href":"https:\/\/api.w.org\/{rel}","templated":true}]}}