{"id":13363,"date":"2022-02-04T09:01:38","date_gmt":"2022-02-04T07:01:38","guid":{"rendered":"https:\/\/edublog.educastur.es\/ixuxu\/?p=13363"},"modified":"2022-02-08T11:26:27","modified_gmt":"2022-02-08T09:26:27","slug":"inauguracion-de-los-xuegos-olimpicos-diviernu-2022","status":"publish","type":"post","link":"https:\/\/edublog.educastur.es\/ixuxu\/2022\/02\/inauguracion-de-los-xuegos-olimpicos-diviernu-2022\/","title":{"rendered":"Inauguraci\u00f3n de los Xuegos Ol\u00edmpicos d&#8217;Iviernu 2022"},"content":{"rendered":"<p><a href=\"https:\/\/tinypix.top\/images\/2022\/02\/04\/edrb2.jpg\"><img loading=\"lazy\" decoding=\"async\" class=\"alignnone\" src=\"https:\/\/tinypix.top\/images\/2022\/02\/04\/edrb2.jpg\" alt=\"\" width=\"263\" height=\"395\" \/><\/a> \/ <a href=\"https:\/\/tinypix.top\/images\/2022\/02\/04\/edmjw.jpg\"><img loading=\"lazy\" decoding=\"async\" class=\"alignnone\" src=\"https:\/\/tinypix.top\/images\/2022\/02\/04\/edmjw.jpg\" alt=\"\" width=\"252\" height=\"378\" \/><\/a><\/p>\n<p>La ceremonia d&#8217;inauguraci\u00f3n de los Xuegos Ol\u00edmpicos d&#8217;Iviernu de Pequ\u00edn 2022 va empezar a les 13h y podr\u00e1 siguise en directu al travi\u00e9s d&#8217;Eurosport. Van terminase&#8217;l pr\u00f3ximu 20 de febreru.<\/p>\n<p><!--more--><\/p>\n<p>L&#8217;escenariu de la ceremonia d&#8217;inauguraci\u00f3n va ser el ic\u00f3nico Estadiu Nacional de Beijing, onde aquel llonxanu 2008 el mundu enteru vio&#8217;l potencial chinu para allugar unos Xuegos Ol\u00edmpicos.<\/p>\n<p style=\"text-align: center\"><a href=\"https:\/\/as01.epimg.net\/deportes_accion\/imagenes\/2020\/01\/29\/snow\/1580284283_740092_1580285701_noticia_normal.jpg\"><img loading=\"lazy\" decoding=\"async\" class=\"alignnone\" src=\"https:\/\/as01.epimg.net\/deportes_accion\/imagenes\/2020\/01\/29\/snow\/1580284283_740092_1580285701_noticia_normal.jpg\" alt=\"\" width=\"1200\" height=\"675\" \/><\/a><\/p>\n<p>? \u00bfEspa\u00f1a puede consiguir medayes?<\/p>\n<p>Espa\u00f1a llega a los Xuegos Ol\u00edmpicos d&#8217;Iviernu de Pequ\u00edn 2022 con poques opciones realistes de consiguir una medaya, pero si en daqui\u00e9n conf\u00eda la delegaci\u00f3n nacional ye na sabadellense Queralt Castellet, que podr\u00eda faer podiu en snowboard y va ser abanderada na ceremonia d&#8217;inauguraci\u00f3n.<\/p>\n<p>Pela so parte, el donostiarra Lucas Eguibar tami\u00e9n en snowboard va buscar faese con un metal ol\u00edmpico dempu\u00e9s de llograr ser campe\u00f3n del mundu y llegar en plena forma a la capital china<\/p>\n<p style=\"text-align: center\"><a href=\"https:\/\/imgresizer.eurosport.com\/unsafe\/1200x0\/filters:format(jpeg):focal(1222x537:1224x535)\/origin-imgresizer.eurosport.com\/2018\/02\/09\/2264680-47192390-2560-1440.jpg\"><img loading=\"lazy\" decoding=\"async\" class=\"alignnone\" src=\"https:\/\/imgresizer.eurosport.com\/unsafe\/1200x0\/filters:format(jpeg):focal(1222x537:1224x535)\/origin-imgresizer.eurosport.com\/2018\/02\/09\/2264680-47192390-2560-1440.jpg\" alt=\"\" width=\"1200\" height=\"675\" \/><\/a><\/p>\n<p>?\ufe0f \u00bfQui\u00e9n son los abanderaos d&#8217;Espa\u00f1a?<\/p>\n<p>Unu de los mayores honores para un deportista ol\u00edmpicu ye ser abander\u00e1u del so pa\u00eds, y Queralt Castellet y Ander Mirambell fueron los escoy\u00edos pola delegaci\u00f3n espa\u00f1ola para portar l&#8217;estandarte na ceremonia d&#8217;inauguraci\u00f3n esti vienres.<\/p>\n<p>Castellet y\u00e1 lo fixo nos Xuegos Ol\u00edmpicos d&#8217;Iviernu de Vancouver 2010, y siendo una de les grandes favorites para consiguir una medaya, esti 2022 vuelve repitir. El calendariu de los atletes espa\u00f1oles en Pequ\u00edn 2022 va partise primeramente garr\u00e9 mientres la primer selmana.<\/p>\n<ul>\n<li style=\"text-align: center\">Skeleton: <a href=\"https:\/\/vod.olympicchannel.com\/NBCR_-_OCS_Prod\/434\/68\/GCLV-20FULLLRELE001-_E19111801_master.m3u8\">videu<\/a> \/<br \/>\nhttps:\/\/vod.olympicchannel.com\/NBCR_-_OCS_Prod\/434\/68\/GCLV-20FULLLRELE001-_E19111801_master.m3u8<\/li>\n<li>Domingo, 6 de febreru: Adur Etxezerreta &#8211; <strong>Esqu\u00ed alp\u00edn<\/strong>\u00a0 | Imanol Color\u00e1u \u2013<strong> Esqu\u00ed de fondu<\/strong><\/li>\n<li>Llunes, 7 de febreru: Nuria Pau \u2013 <strong>Esqu\u00ed alp\u00edn<\/strong>\u00a0 | Javier Lliso \u2013<strong> Esqu\u00ed freestyle<\/strong>\u00a0 | Thibaut Magnin &#8211; <strong>Esqu\u00ed freestyle<\/strong><\/li>\n<li>Martes, 8 de febreru: Adur Etxezerreta &#8211;<strong> Esqu\u00ed alp\u00edn<\/strong>\u00a0 | Imanol Color\u00e1u \u2013 Esqu\u00ed de fondu | Jaume Pueyo \u2013 <strong>Esqu\u00ed de fondu<\/strong><\/li>\n<li>Mi\u00e9rcoles, 9 de febreru: Queralt Castellet \u2013<strong> Snowboard Halfpipe<\/strong>\u00a0 | Javier Lliso \u2013 <strong>Esqu\u00ed freestyle<\/strong> | Thibaut Magnin &#8211; <strong>Esqu\u00ed freestyle<\/strong><\/li>\n<li>Xueves, 10 de febreru: Queralt Castellet \u2013 <strong>Snowboard Halfpipe<\/strong> | Lucas Eguibar \u2013 <strong>Snowboard Cross<\/strong> | Ander Mirambell &#8211; <strong>Skeleton<\/strong><\/li>\n<li>Vienres, 11 de febreru: Imanol Color\u00e1u \u2013 <strong>Esqu\u00ed de fondu\u00a0<\/strong> | Ander Mirambell &#8211; <strong>Skeleton<\/strong><\/li>\n<\/ul>\n<p><a href=\"https:\/\/as.com\/juegos_olimpicos\/imagenes\/2022\/02\/04\/noticias\/1643961923_996211_1643962259_sumario_grande.jpg\"><img loading=\"lazy\" decoding=\"async\" class=\"alignnone\" src=\"https:\/\/as.com\/juegos_olimpicos\/imagenes\/2022\/02\/04\/noticias\/1643961923_996211_1643962259_sumario_grande.jpg\" alt=\"\" width=\"976\" height=\"653\" \/><\/a><\/p>\n<p style=\"text-align: center\"><a href=\"https:\/\/img.olympicchannel.com\/images\/image\/private\/t_16-9_3200\/primary\/lmyagihfjms7kbiec51k\"><img loading=\"lazy\" decoding=\"async\" class=\"alignnone\" src=\"https:\/\/img.olympicchannel.com\/images\/image\/private\/t_16-9_3200\/primary\/lmyagihfjms7kbiec51k\" alt=\"\" width=\"3200\" height=\"1800\" \/><\/a><\/p>\n<p style=\"text-align: center\"><a href=\"https:\/\/www.paralympic.org\/sites\/default\/files\/styles\/amp_metadata_content_image_min_696px_wide\/public\/2021-10\/Paralympic%20Winter%20Games%20Beijing%202022%20medals.jpg?itok=wh2JQhOs\"><img loading=\"lazy\" decoding=\"async\" class=\"alignnone\" src=\"https:\/\/www.paralympic.org\/sites\/default\/files\/styles\/amp_metadata_content_image_min_696px_wide\/public\/2021-10\/Paralympic%20Winter%20Games%20Beijing%202022%20medals.jpg?itok=wh2JQhOs\" alt=\"\" width=\"696\" height=\"417\" \/><\/a><\/p>\n<p style=\"text-align: center\">\n<!-- iframe plugin v.6.0 wordpress.org\/plugins\/iframe\/ -->\n<iframe loading=\"lazy\" width=\"100%\" height=\"395\" src=\"https:\/\/www.youtube.com\/embed\/J7IsgVm6jE4\" 0=\"\/iframe\" scrolling=\"yes\" class=\"iframe-class\" frameborder=\"0\"><\/iframe>\n<\/p>\n<p>&nbsp;<\/p>\n<p>&nbsp;<\/p>\n","protected":false},"excerpt":{"rendered":"<p>\/ La ceremonia d&#8217;inauguraci\u00f3n de los Xuegos Ol\u00edmpicos d&#8217;Iviernu de Pequ\u00edn 2022 va empezar a les 13h y podr\u00e1 siguise en directu al travi\u00e9s d&#8217;Eurosport. Van terminase&#8217;l pr\u00f3ximu 20 de febreru.<\/p>\n","protected":false},"author":117,"featured_media":0,"comment_status":"open","ping_status":"open","sticky":false,"template":"","format":"standard","meta":{"footnotes":""},"categories":[186],"tags":[],"class_list":["post-13363","post","type-post","status-publish","format-standard","hentry","category-xuegos-olimpicos"],"_links":{"self":[{"href":"https:\/\/edublog.educastur.es\/ixuxu\/wp-json\/wp\/v2\/posts\/13363","targetHints":{"allow":["GET"]}}],"collection":[{"href":"https:\/\/edublog.educastur.es\/ixuxu\/wp-json\/wp\/v2\/posts"}],"about":[{"href":"https:\/\/edublog.educastur.es\/ixuxu\/wp-json\/wp\/v2\/types\/post"}],"author":[{"embeddable":true,"href":"https:\/\/edublog.educastur.es\/ixuxu\/wp-json\/wp\/v2\/users\/117"}],"replies":[{"embeddable":true,"href":"https:\/\/edublog.educastur.es\/ixuxu\/wp-json\/wp\/v2\/comments?post=13363"}],"version-history":[{"count":5,"href":"https:\/\/edublog.educastur.es\/ixuxu\/wp-json\/wp\/v2\/posts\/13363\/revisions"}],"predecessor-version":[{"id":13458,"href":"https:\/\/edublog.educastur.es\/ixuxu\/wp-json\/wp\/v2\/posts\/13363\/revisions\/13458"}],"wp:attachment":[{"href":"https:\/\/edublog.educastur.es\/ixuxu\/wp-json\/wp\/v2\/media?parent=13363"}],"wp:term":[{"taxonomy":"category","embeddable":true,"href":"https:\/\/edublog.educastur.es\/ixuxu\/wp-json\/wp\/v2\/categories?post=13363"},{"taxonomy":"post_tag","embeddable":true,"href":"https:\/\/edublog.educastur.es\/ixuxu\/wp-json\/wp\/v2\/tags?post=13363"}],"curies":[{"name":"wp","href":"https:\/\/api.w.org\/{rel}","templated":true}]}}